{"id":572,"date":"2023-07-10T15:34:29","date_gmt":"2023-07-10T15:34:29","guid":{"rendered":"http:\/\/lagumex.mx\/index\/?p=572"},"modified":"2023-07-11T15:35:34","modified_gmt":"2023-07-11T15:35:34","slug":"refuerzan-campana-contra-garrapatas-en-lerdo","status":"publish","type":"post","link":"https:\/\/lagumex.mx\/index\/lerdo\/refuerzan-campana-contra-garrapatas-en-lerdo\/","title":{"rendered":"Refuerzan campa\u00f1a contra garrapatas en Lerdo"},"content":{"rendered":"\n<h2 class=\"wp-block-heading\">La campa\u00f1a se realizar\u00e1 de este lunes 10 al s\u00e1bado 15 de julio en distintas colonias<\/h2>\n\n\n\n<p>10 de julio de 2023.Con motivo de la jornada nacional para prevenci\u00f3n de Rickettsiosis en el Humano 2023, el Gobierno Municipal de Lerdo a trav\u00e9s del departamento de Prevenci\u00f3n Social y Resguardo Canino, en coordinaci\u00f3n con la Secretar\u00eda de Salud, desplegar\u00e1 una campa\u00f1a de ecto externo desparasitaci\u00f3n contra las garrapatas, para perros en el municipio, que dar\u00e1 inicio el pr\u00f3ximo lunes 10 de julio y finalizar\u00e1 el s\u00e1bado 15 de julio.<\/p>\n\n\n\n<p>\u201cTenemos una campa\u00f1a especial con un ecto desparasitante que nos proporcion\u00f3 Secretar\u00eda de Salud para el tema de las garrapatas, exclusivo en perros, por lo que invitamos a los due\u00f1os para que acudan con su amigo peludo y les apliquemos esta barrera de protecci\u00f3n\u201d, as\u00ed lo declar\u00f3 el titular de Prevenci\u00f3n Social, Roberto Carlos Calder\u00f3n Gamboa.<\/p>\n","protected":false},"excerpt":{"rendered":"<p>La campa\u00f1a se realizar\u00e1 de este lunes 10 al s\u00e1bado 15 de julio en distintas colonias 10 de julio de 2023.Con motivo de la jornada nacional para prevenci\u00f3n de Rickettsiosis en el Humano 2023, el Gobierno Municipal de Lerdo a trav\u00e9s del departamento de Prevenci\u00f3n Social y Resguardo Canino, en coordinaci\u00f3n con la Secretar\u00eda de&#8230;<\/p>\n","protected":false},"author":1,"featured_media":573,"comment_status":"open","ping_status":"open","sticky":false,"template":"","format":"standard","meta":{"footnotes":""},"categories":[3],"tags":[],"class_list":["post-572","post","type-post","status-publish","format-standard","has-post-thumbnail","hentry","category-lerdo"],"_links":{"self":[{"href":"https:\/\/lagumex.mx\/index\/wp-json\/wp\/v2\/posts\/572","targetHints":{"allow":["GET"]}}],"collection":[{"href":"https:\/\/lagumex.mx\/index\/wp-json\/wp\/v2\/posts"}],"about":[{"href":"https:\/\/lagumex.mx\/index\/wp-json\/wp\/v2\/types\/post"}],"author":[{"embeddable":true,"href":"https:\/\/lagumex.mx\/index\/wp-json\/wp\/v2\/users\/1"}],"replies":[{"embeddable":true,"href":"https:\/\/lagumex.mx\/index\/wp-json\/wp\/v2\/comments?post=572"}],"version-history":[{"count":1,"href":"https:\/\/lagumex.mx\/index\/wp-json\/wp\/v2\/posts\/572\/revisions"}],"predecessor-version":[{"id":574,"href":"https:\/\/lagumex.mx\/index\/wp-json\/wp\/v2\/posts\/572\/revisions\/574"}],"wp:featuredmedia":[{"embeddable":true,"href":"https:\/\/lagumex.mx\/index\/wp-json\/wp\/v2\/media\/573"}],"wp:attachment":[{"href":"https:\/\/lagumex.mx\/index\/wp-json\/wp\/v2\/media?parent=572"}],"wp:term":[{"taxonomy":"category","embeddable":true,"href":"https:\/\/lagumex.mx\/index\/wp-json\/wp\/v2\/categories?post=572"},{"taxonomy":"post_tag","embeddable":true,"href":"https:\/\/lagumex.mx\/index\/wp-json\/wp\/v2\/tags?post=572"}],"curies":[{"name":"wp","href":"https:\/\/api.w.org\/{rel}","templated":true}]}}