{"id":563,"date":"2023-07-07T15:28:17","date_gmt":"2023-07-07T15:28:17","guid":{"rendered":"http:\/\/lagumex.mx\/index\/?p=563"},"modified":"2023-07-11T15:29:49","modified_gmt":"2023-07-11T15:29:49","slug":"encabeza-homero-martinez-mesa-de-construccion-de-la-paz","status":"publish","type":"post","link":"https:\/\/lagumex.mx\/index\/lerdo\/encabeza-homero-martinez-mesa-de-construccion-de-la-paz\/","title":{"rendered":"Encabeza Homero Mart\u00ednez mesa de Construcci\u00f3n de la Paz"},"content":{"rendered":"\n<h2 class=\"wp-block-heading\">Se cont\u00f3 con la participaci\u00f3n de la SEDENA, Mand\u00f3 \u00danico de la Laguna y corporaciones estatales y municipales<\/h2>\n\n\n\n<p>07 de julio de 2023. Este viernes, el Sal\u00f3n Azul de la Presidencia Municipal de Lerdo fue sede de la reuni\u00f3n semanal de la Mesa de Construcci\u00f3n de La Paz, la cual estuvo encabezada por el alcalde Homero Mart\u00ednez, el jefe del Estado Mayor del Mando Especial de La Laguna, \u00d3scar Pastrana y el Coronel del 72 Batall\u00f3n de Infanter\u00eda, Fernando Rosas Clemente.<\/p>\n\n\n\n<p>Al respecto, Homero Mart\u00ednez Cabrera agradeci\u00f3 la suma de esfuerzos entre cada una de las corporaciones que velan por la seguridad de la ciudadan\u00eda, lo que ha permitido disminuir la mayor\u00eda de los \u00edndices delictivos por debajo de la media nacional, e hizo un llamado a reforzar programas que permitan el acercamiento con la gente.<\/p>\n","protected":false},"excerpt":{"rendered":"<p>Se cont\u00f3 con la participaci\u00f3n de la SEDENA, Mand\u00f3 \u00danico de la Laguna y corporaciones estatales y municipales 07 de julio de 2023. Este viernes, el Sal\u00f3n Azul de la Presidencia Municipal de Lerdo fue sede de la reuni\u00f3n semanal de la Mesa de Construcci\u00f3n de La Paz, la cual estuvo encabezada por el alcalde&#8230;<\/p>\n","protected":false},"author":1,"featured_media":564,"comment_status":"open","ping_status":"open","sticky":false,"template":"","format":"standard","meta":{"footnotes":""},"categories":[3],"tags":[],"class_list":["post-563","post","type-post","status-publish","format-standard","has-post-thumbnail","hentry","category-lerdo"],"_links":{"self":[{"href":"https:\/\/lagumex.mx\/index\/wp-json\/wp\/v2\/posts\/563","targetHints":{"allow":["GET"]}}],"collection":[{"href":"https:\/\/lagumex.mx\/index\/wp-json\/wp\/v2\/posts"}],"about":[{"href":"https:\/\/lagumex.mx\/index\/wp-json\/wp\/v2\/types\/post"}],"author":[{"embeddable":true,"href":"https:\/\/lagumex.mx\/index\/wp-json\/wp\/v2\/users\/1"}],"replies":[{"embeddable":true,"href":"https:\/\/lagumex.mx\/index\/wp-json\/wp\/v2\/comments?post=563"}],"version-history":[{"count":1,"href":"https:\/\/lagumex.mx\/index\/wp-json\/wp\/v2\/posts\/563\/revisions"}],"predecessor-version":[{"id":565,"href":"https:\/\/lagumex.mx\/index\/wp-json\/wp\/v2\/posts\/563\/revisions\/565"}],"wp:featuredmedia":[{"embeddable":true,"href":"https:\/\/lagumex.mx\/index\/wp-json\/wp\/v2\/media\/564"}],"wp:attachment":[{"href":"https:\/\/lagumex.mx\/index\/wp-json\/wp\/v2\/media?parent=563"}],"wp:term":[{"taxonomy":"category","embeddable":true,"href":"https:\/\/lagumex.mx\/index\/wp-json\/wp\/v2\/categories?post=563"},{"taxonomy":"post_tag","embeddable":true,"href":"https:\/\/lagumex.mx\/index\/wp-json\/wp\/v2\/tags?post=563"}],"curies":[{"name":"wp","href":"https:\/\/api.w.org\/{rel}","templated":true}]}}