{"id":553,"date":"2023-07-02T18:34:51","date_gmt":"2023-07-02T18:34:51","guid":{"rendered":"http:\/\/lagumex.mx\/index\/?p=553"},"modified":"2023-07-06T18:36:41","modified_gmt":"2023-07-06T18:36:41","slug":"esteban-se-pone-las-pilas-con-las-inversiones-ya-hay-trabajo-para-duranguenses-en-el-clid-constructores","status":"publish","type":"post","link":"https:\/\/lagumex.mx\/index\/durango\/esteban-se-pone-las-pilas-con-las-inversiones-ya-hay-trabajo-para-duranguenses-en-el-clid-constructores\/","title":{"rendered":"\u201cEsteban se pone las pilas con las inversiones; ya hay trabajo para duranguenses en el CLID\u201d: constructores"},"content":{"rendered":"\n<h2 class=\"wp-block-heading\">Nuestro sector ya genera empleos locales y trabajadores ya no tienen que emigrar para buscar oportunidades: H\u00e9ctor Candelario Alan\u00eds, Sindicato Libertad<\/h2>\n\n\n\n<p>02 de julio de 2023. &nbsp;\u201cDe septiembre para ac\u00e1, nuestra labor ha sido muy constante y eso nos beneficia mucho a nosotros\u201d<\/p>\n\n\n\n<p>\u201cEsteban se est\u00e1 poniendo las pilas y los hechos son los que hablan, como las inversiones que est\u00e1n viniendo a Durango\u201d, expres\u00f3 el representante del Sindicato Libertad, H\u00e9ctor Candelario Alan\u00eds Galv\u00e1n, al asegurar que, con este Gobierno, el ramo de la construcci\u00f3n ya se beneficia con la generaci\u00f3n de empleos locales.<\/p>\n\n\n\n<p>Los trabajadores est\u00e1n muy contentos por las nuevas fuentes laborales en el estado, representan un gran apoyo para sus familias y gracias a esto, ya no tienen que emigrar a otros lugares en busca de oportunidades como en a\u00f1os anteriores, coment\u00f3.<\/p>\n\n\n\n<p>Agradeci\u00f3 al Gobernador por el actual trabajo y los proyectos que vienen para el estado; \u201ces un cambio que nos beneficia a todos, estoy muy agradecido porque de septiembre para ac\u00e1, nuestra labor ha sido muy constante y eso nos beneficia mucho a nosotros, adem\u00e1s Esteban nos coment\u00f3 que se viene mucho trabajo, entonces eso nos hace estar al pendiente y poder ir generando un desarrollo bueno para nuestras familias\u201d, a\u00f1adi\u00f3.<\/p>\n\n\n\n<p>Por su parte, Santiago V\u00e1zquez, secretario del sindicato Libertad, record\u00f3 que ya hace a\u00f1os no se ve\u00eda este respaldo para trabajar con el sector camionero y ahora, con Esteban Villegas, tienen un buen ritmo, el trabajo est\u00e1 fluyendo y est\u00e1n por llegar m\u00e1s empresas.<\/p>\n\n\n\n<p>\u201c0Llegar\u00e1n m\u00e1s empresas, m\u00e1s obras de infraestructura, en las que continuaremos trabajando de la mano constructores y camioneros,\u201d expres\u00f3 al detallar que actualmente en el Centro Log\u00edstico Industrial de Durango (CLID), se est\u00e1n emparejando los pisos para la instalaci\u00f3n de las naves industriales, mientras la Secretar\u00eda de Comunicaciones y Obras P\u00fablicas (SECOPE), construye nuevas vialidades, lo que significa trabajo, movilidad y una mejor econom\u00eda para todos los duranguenses.<\/p>\n","protected":false},"excerpt":{"rendered":"<p>Nuestro sector ya genera empleos locales y trabajadores ya no tienen que emigrar para buscar oportunidades: H\u00e9ctor Candelario Alan\u00eds, Sindicato Libertad 02 de julio de 2023. &nbsp;\u201cDe septiembre para ac\u00e1, nuestra labor ha sido muy constante y eso nos beneficia mucho a nosotros\u201d \u201cEsteban se est\u00e1 poniendo las pilas y los hechos son los que&#8230;<\/p>\n","protected":false},"author":1,"featured_media":554,"comment_status":"open","ping_status":"open","sticky":false,"template":"","format":"standard","meta":{"footnotes":""},"categories":[1],"tags":[],"class_list":["post-553","post","type-post","status-publish","format-standard","has-post-thumbnail","hentry","category-durango"],"_links":{"self":[{"href":"https:\/\/lagumex.mx\/index\/wp-json\/wp\/v2\/posts\/553","targetHints":{"allow":["GET"]}}],"collection":[{"href":"https:\/\/lagumex.mx\/index\/wp-json\/wp\/v2\/posts"}],"about":[{"href":"https:\/\/lagumex.mx\/index\/wp-json\/wp\/v2\/types\/post"}],"author":[{"embeddable":true,"href":"https:\/\/lagumex.mx\/index\/wp-json\/wp\/v2\/users\/1"}],"replies":[{"embeddable":true,"href":"https:\/\/lagumex.mx\/index\/wp-json\/wp\/v2\/comments?post=553"}],"version-history":[{"count":1,"href":"https:\/\/lagumex.mx\/index\/wp-json\/wp\/v2\/posts\/553\/revisions"}],"predecessor-version":[{"id":555,"href":"https:\/\/lagumex.mx\/index\/wp-json\/wp\/v2\/posts\/553\/revisions\/555"}],"wp:featuredmedia":[{"embeddable":true,"href":"https:\/\/lagumex.mx\/index\/wp-json\/wp\/v2\/media\/554"}],"wp:attachment":[{"href":"https:\/\/lagumex.mx\/index\/wp-json\/wp\/v2\/media?parent=553"}],"wp:term":[{"taxonomy":"category","embeddable":true,"href":"https:\/\/lagumex.mx\/index\/wp-json\/wp\/v2\/categories?post=553"},{"taxonomy":"post_tag","embeddable":true,"href":"https:\/\/lagumex.mx\/index\/wp-json\/wp\/v2\/tags?post=553"}],"curies":[{"name":"wp","href":"https:\/\/api.w.org\/{rel}","templated":true}]}}