{"id":541,"date":"2023-07-05T18:25:33","date_gmt":"2023-07-05T18:25:33","guid":{"rendered":"http:\/\/lagumex.mx\/index\/?p=541"},"modified":"2023-07-06T18:27:11","modified_gmt":"2023-07-06T18:27:11","slug":"anuncian-la-edicion-60-de-la-gran-regata-del-rio-nazas","status":"publish","type":"post","link":"https:\/\/lagumex.mx\/index\/lerdo\/anuncian-la-edicion-60-de-la-gran-regata-del-rio-nazas\/","title":{"rendered":"Anuncian la edici\u00f3n 60 de la Gran Regata del R\u00edo Nazas"},"content":{"rendered":"\n<h2 class=\"wp-block-heading\">El evento arranca el 13 de julio con el tradicional desfile de participantes<\/h2>\n\n\n\n<p>05 de julio de 2023. Lerdo, Durango.- El Gobierno Municipal de Lerdo, en coordinaci\u00f3n con la mesa directiva de la Gran Regata del R\u00edo Nazas 2023, anunci\u00f3 la edici\u00f3n 60 de esta ic\u00f3nica competencia de canotaje de la regi\u00f3n lagunera, la cual se pondr\u00e1n en marcha el pr\u00f3ximo jueves 13 de julio con el tradicional desfile de participantes, realiz\u00e1ndose a partir del viernes 14 un recorrido que parte de Rodeo, contin\u00faa en Nazas y concluye en el Parque Nacional Raymundo.<\/p>\n\n\n\n<p>El Presidente Municipal de Lerdo, Homero Mart\u00ednez Cabrera, destac\u00f3 el impulso que se busca dar al deporte y al turismo a trav\u00e9s de esta competici\u00f3n. \u201dEl objetivo es vivir una experiencia emocionante y festiva durante esta gran regata que se llevar\u00e1 a cabo del 13 al 16 de julio, esperando recibir a los participantes el \u00faltimo d\u00eda en el Parque Raymundo, donde se organizar\u00e1 un festival para que la ciudadan\u00eda pueda disfrutar y divertirse\u201d, mencion\u00f3.<\/p>\n","protected":false},"excerpt":{"rendered":"<p>El evento arranca el 13 de julio con el tradicional desfile de participantes 05 de julio de 2023. Lerdo, Durango.- El Gobierno Municipal de Lerdo, en coordinaci\u00f3n con la mesa directiva de la Gran Regata del R\u00edo Nazas 2023, anunci\u00f3 la edici\u00f3n 60 de esta ic\u00f3nica competencia de canotaje de la regi\u00f3n lagunera, la cual&#8230;<\/p>\n","protected":false},"author":1,"featured_media":542,"comment_status":"open","ping_status":"open","sticky":false,"template":"","format":"standard","meta":{"footnotes":""},"categories":[3],"tags":[],"class_list":["post-541","post","type-post","status-publish","format-standard","has-post-thumbnail","hentry","category-lerdo"],"_links":{"self":[{"href":"https:\/\/lagumex.mx\/index\/wp-json\/wp\/v2\/posts\/541","targetHints":{"allow":["GET"]}}],"collection":[{"href":"https:\/\/lagumex.mx\/index\/wp-json\/wp\/v2\/posts"}],"about":[{"href":"https:\/\/lagumex.mx\/index\/wp-json\/wp\/v2\/types\/post"}],"author":[{"embeddable":true,"href":"https:\/\/lagumex.mx\/index\/wp-json\/wp\/v2\/users\/1"}],"replies":[{"embeddable":true,"href":"https:\/\/lagumex.mx\/index\/wp-json\/wp\/v2\/comments?post=541"}],"version-history":[{"count":1,"href":"https:\/\/lagumex.mx\/index\/wp-json\/wp\/v2\/posts\/541\/revisions"}],"predecessor-version":[{"id":543,"href":"https:\/\/lagumex.mx\/index\/wp-json\/wp\/v2\/posts\/541\/revisions\/543"}],"wp:featuredmedia":[{"embeddable":true,"href":"https:\/\/lagumex.mx\/index\/wp-json\/wp\/v2\/media\/542"}],"wp:attachment":[{"href":"https:\/\/lagumex.mx\/index\/wp-json\/wp\/v2\/media?parent=541"}],"wp:term":[{"taxonomy":"category","embeddable":true,"href":"https:\/\/lagumex.mx\/index\/wp-json\/wp\/v2\/categories?post=541"},{"taxonomy":"post_tag","embeddable":true,"href":"https:\/\/lagumex.mx\/index\/wp-json\/wp\/v2\/tags?post=541"}],"curies":[{"name":"wp","href":"https:\/\/api.w.org\/{rel}","templated":true}]}}