{"id":539,"date":"2023-07-04T18:24:03","date_gmt":"2023-07-04T18:24:03","guid":{"rendered":"http:\/\/lagumex.mx\/index\/?p=539"},"modified":"2023-07-06T18:24:38","modified_gmt":"2023-07-06T18:24:38","slug":"van-cinco-personas-ahogadas-en-lerdo-durante-2023","status":"publish","type":"post","link":"https:\/\/lagumex.mx\/index\/lerdo\/van-cinco-personas-ahogadas-en-lerdo-durante-2023\/","title":{"rendered":"Van cinco personas ahogadas en Lerdo durante 2023"},"content":{"rendered":"\n<h2 class=\"wp-block-heading\">Lamentablemente los cinco ahogados hicieron caso omiso de no meterse a nadar a canales de riego y R\u00edo Nazas<\/h2>\n\n\n\n<p>04 de julio de 2023. Hasta estos momentos, lamentablemente suman cinco personas ahogadas en canales de riego, r\u00edo Nazas y en la presa \u2018Francisco Zarco\u2019, as\u00ed lo declar\u00f3 la coordinadora de la Unidad de Protecci\u00f3n Civil de Lerdo, Isabel Mac\u00edas Sifuentes, quien indic\u00f3 que el ciclo agr\u00edcola primavera-verano 2023 a\u00fan le faltan alguna semanas para concluir.<\/p>\n\n\n\n<p>Lo anterior lo declar\u00f3 tras ser cuestionada sobre el particular, por lo que a\u00f1adi\u00f3 que a pesar de las recomendaciones que desde hace meses se vienen ventilando, la gente no hace caso de no meterse a nadar a los canales de riego y al r\u00edo Nazas.<\/p>\n","protected":false},"excerpt":{"rendered":"<p>Lamentablemente los cinco ahogados hicieron caso omiso de no meterse a nadar a canales de riego y R\u00edo Nazas 04 de julio de 2023. Hasta estos momentos, lamentablemente suman cinco personas ahogadas en canales de riego, r\u00edo Nazas y en la presa \u2018Francisco Zarco\u2019, as\u00ed lo declar\u00f3 la coordinadora de la Unidad de Protecci\u00f3n Civil&#8230;<\/p>\n","protected":false},"author":1,"featured_media":0,"comment_status":"open","ping_status":"open","sticky":false,"template":"","format":"standard","meta":{"footnotes":""},"categories":[3],"tags":[],"class_list":["post-539","post","type-post","status-publish","format-standard","hentry","category-lerdo"],"_links":{"self":[{"href":"https:\/\/lagumex.mx\/index\/wp-json\/wp\/v2\/posts\/539","targetHints":{"allow":["GET"]}}],"collection":[{"href":"https:\/\/lagumex.mx\/index\/wp-json\/wp\/v2\/posts"}],"about":[{"href":"https:\/\/lagumex.mx\/index\/wp-json\/wp\/v2\/types\/post"}],"author":[{"embeddable":true,"href":"https:\/\/lagumex.mx\/index\/wp-json\/wp\/v2\/users\/1"}],"replies":[{"embeddable":true,"href":"https:\/\/lagumex.mx\/index\/wp-json\/wp\/v2\/comments?post=539"}],"version-history":[{"count":1,"href":"https:\/\/lagumex.mx\/index\/wp-json\/wp\/v2\/posts\/539\/revisions"}],"predecessor-version":[{"id":540,"href":"https:\/\/lagumex.mx\/index\/wp-json\/wp\/v2\/posts\/539\/revisions\/540"}],"wp:attachment":[{"href":"https:\/\/lagumex.mx\/index\/wp-json\/wp\/v2\/media?parent=539"}],"wp:term":[{"taxonomy":"category","embeddable":true,"href":"https:\/\/lagumex.mx\/index\/wp-json\/wp\/v2\/categories?post=539"},{"taxonomy":"post_tag","embeddable":true,"href":"https:\/\/lagumex.mx\/index\/wp-json\/wp\/v2\/tags?post=539"}],"curies":[{"name":"wp","href":"https:\/\/api.w.org\/{rel}","templated":true}]}}