{"id":530,"date":"2023-07-06T18:17:08","date_gmt":"2023-07-06T18:17:08","guid":{"rendered":"http:\/\/lagumex.mx\/index\/?p=530"},"modified":"2023-07-06T18:17:08","modified_gmt":"2023-07-06T18:17:08","slug":"como-nunca-antes-gobierno-de-esteban-le-mete-mano-a-las-instalaciones-de-la-feria","status":"publish","type":"post","link":"https:\/\/lagumex.mx\/index\/durango\/como-nunca-antes-gobierno-de-esteban-le-mete-mano-a-las-instalaciones-de-la-feria\/","title":{"rendered":"Como nunca antes Gobierno de Esteban le mete mano a las instalaciones de la feria"},"content":{"rendered":"\n<p>Ten\u00edan 17 a\u00f1os sin rehabilitarse espacios como estacionamientos y puntos de seguridad.<\/p>\n\n\n\n<p>06 de julio de 2023.Se contar\u00e1 con una pista de hielo, al doble de grande de la que se instala en la Plaza de Armas.<\/p>\n\n\n\n<p>En este Gobierno s\u00ed le estamos metiendo mano a las instalaciones de la FENADU, para que la Feria Francisco Villa 2023, sea la mejor y la m\u00e1s segura que las familias hayan tenido, expres\u00f3 el gobernador Esteban Villegas Villarreal, al constatar los avances de la rehabilitaci\u00f3n de este recinto.<\/p>\n\n\n\n<p>Durante la supervisi\u00f3n, el Mandatario Estatal destac\u00f3 que desde hace 17 a\u00f1os no se le daba mantenimiento al estacionamiento, es por eso que se iniciaron con los trabajos de recarpeteo para que qued\u00e9 al cien para iniciar las fiestas de la ciudad.<\/p>\n\n\n\n<p>Asimismo, inform\u00f3 que se contar\u00e1 con una pista de hielo, la cual tendr\u00e1&nbsp; una medida de 20 x 30 metros y el acceso ser\u00e1 totalmente gratuito, en donde m\u00e1s de 60 personas podr\u00e1n patinar al mismo tiempo.<\/p>\n\n\n\n<p>Esta feria es la que ha tenido menos presupuesto, aun as\u00ed va a ser la mejor que ha tenido Durango, expres\u00f3 el Gobernador, al explicar que ser\u00e1 una feria muy segura, pues se contar\u00e1 en las instalaciones con un C2, que estar\u00e1 vinculado con el C5 para reaccionar de manera oportuna ante cualquier situaci\u00f3n de emergencia.<\/p>\n\n\n\n<p>En el estacionamiento se ubicar\u00e1 de manera permanente la Guardia Nacional, Polic\u00eda Estatal y Municipal para seguridad de todos.<\/p>\n\n\n\n<p>Al reunirse con los trabajadores, Esteban Villegas, los exhort\u00f3 a redoblar esfuerzos para contar con unas instalaciones c\u00f3modas, limpias y seguras para los visitantes locales, nacionales e internacionales.<\/p>\n\n\n\n<p>Con mucho coraz\u00f3n los trabajadores de la Feria rehabilitan cada rinc\u00f3n para que las familias vengan a divertirse, expres\u00f3 el director de Ferias,&nbsp; Espect\u00e1culos y Paseos Tur\u00edsticos, Lauro Arce Gallegos, al informar que ya se arreglaron tambi\u00e9n los sistemas de riego, se pintaron las instalaciones, se rehabilit\u00f3 el alumbrado, se retiraron toneladas de basura, rescataron las \u00e1reas verdes y las fuentes ya est\u00e1n funcionando.<\/p>\n\n\n\n<p>A este recorrido, tambi\u00e9n&nbsp; acompa\u00f1aron al Gobernador, la titular de la Secretar\u00eda de Comunicaciones y Obras P\u00fablicas, Ana Rosa Hern\u00e1ndez Renter\u00eda, la secretaria de Turismo, Elisa Haro, el director de Comunicaci\u00f3n Social, V\u00edctor Hugo Hern\u00e1ndez y el director de la Polic\u00eda Estatal, Ernesto S\u00e1nchez.<\/p>\n","protected":false},"excerpt":{"rendered":"<p>Ten\u00edan 17 a\u00f1os sin rehabilitarse espacios como estacionamientos y puntos de seguridad. 06 de julio de 2023.Se contar\u00e1 con una pista de hielo, al doble de grande de la que se instala en la Plaza de Armas. En este Gobierno s\u00ed le estamos metiendo mano a las instalaciones de la FENADU, para que la Feria&#8230;<\/p>\n","protected":false},"author":1,"featured_media":531,"comment_status":"open","ping_status":"open","sticky":false,"template":"","format":"standard","meta":{"footnotes":""},"categories":[1],"tags":[],"class_list":["post-530","post","type-post","status-publish","format-standard","has-post-thumbnail","hentry","category-durango"],"_links":{"self":[{"href":"https:\/\/lagumex.mx\/index\/wp-json\/wp\/v2\/posts\/530","targetHints":{"allow":["GET"]}}],"collection":[{"href":"https:\/\/lagumex.mx\/index\/wp-json\/wp\/v2\/posts"}],"about":[{"href":"https:\/\/lagumex.mx\/index\/wp-json\/wp\/v2\/types\/post"}],"author":[{"embeddable":true,"href":"https:\/\/lagumex.mx\/index\/wp-json\/wp\/v2\/users\/1"}],"replies":[{"embeddable":true,"href":"https:\/\/lagumex.mx\/index\/wp-json\/wp\/v2\/comments?post=530"}],"version-history":[{"count":1,"href":"https:\/\/lagumex.mx\/index\/wp-json\/wp\/v2\/posts\/530\/revisions"}],"predecessor-version":[{"id":532,"href":"https:\/\/lagumex.mx\/index\/wp-json\/wp\/v2\/posts\/530\/revisions\/532"}],"wp:featuredmedia":[{"embeddable":true,"href":"https:\/\/lagumex.mx\/index\/wp-json\/wp\/v2\/media\/531"}],"wp:attachment":[{"href":"https:\/\/lagumex.mx\/index\/wp-json\/wp\/v2\/media?parent=530"}],"wp:term":[{"taxonomy":"category","embeddable":true,"href":"https:\/\/lagumex.mx\/index\/wp-json\/wp\/v2\/categories?post=530"},{"taxonomy":"post_tag","embeddable":true,"href":"https:\/\/lagumex.mx\/index\/wp-json\/wp\/v2\/tags?post=530"}],"curies":[{"name":"wp","href":"https:\/\/api.w.org\/{rel}","templated":true}]}}