{"id":524,"date":"2023-07-06T18:12:46","date_gmt":"2023-07-06T18:12:46","guid":{"rendered":"http:\/\/lagumex.mx\/index\/?p=524"},"modified":"2023-07-06T18:12:46","modified_gmt":"2023-07-06T18:12:46","slug":"proyectaran-2001-odisea-del-espacio-en-el-auditorio-nacional-con-musica-en-vivo","status":"publish","type":"post","link":"https:\/\/lagumex.mx\/index\/espectaculos\/proyectaran-2001-odisea-del-espacio-en-el-auditorio-nacional-con-musica-en-vivo\/","title":{"rendered":"Proyectar\u00e1n 2001: Odisea del espacio en el Auditorio Nacional con m\u00fasica en vivo"},"content":{"rendered":"\n<h2 class=\"wp-block-heading\">El Auditorio Nacional recibe al cl\u00e1sico de Stanley Kubrick, con la participaci\u00f3n de la Orquesta Filarm\u00f3nica de la Ciudad de M\u00e9xico<\/h2>\n\n\n\n<p>06 de julio de 2023.La Orquesta Filarm\u00f3nica de la Ciudad de M\u00e9xico musicalizar\u00e1, por primera vez, una versi\u00f3n restaurada en 4K la cinta 2001: Odisea del espacio, la cual se proyectar\u00e1 en el Auditorio Nacional, el pr\u00f3ximo 10 de septiembre.<\/p>\n\n\n\n<p>En conferencia de prensa, la Secretaria de Cultura de la Ciudad de M\u00e9xico, Claudia Curiel de Icaza, subray\u00f3 que este es uno de los proyectos m\u00e1s ambiciosos de la orquesta, pues adem\u00e1s de coincidir con la celebraci\u00f3n por sus 45 a\u00f1os de existencia, requiri\u00f3 de una serie de filtros de aprobaci\u00f3n por parte del equipo de Inglaterra.<\/p>\n\n\n\n<p>&nbsp;\u201cVendr\u00e1 una comisi\u00f3n de Londres a trabajar con los t\u00e9cnicos, y tambi\u00e9n viene el ingeniero de audio Mark Bursell, quien tiene tres Grammys, para trabajar con un equipo de ingenieros de audio de primera\u201d, explic\u00f3.<\/p>\n","protected":false},"excerpt":{"rendered":"<p>El Auditorio Nacional recibe al cl\u00e1sico de Stanley Kubrick, con la participaci\u00f3n de la Orquesta Filarm\u00f3nica de la Ciudad de M\u00e9xico 06 de julio de 2023.La Orquesta Filarm\u00f3nica de la Ciudad de M\u00e9xico musicalizar\u00e1, por primera vez, una versi\u00f3n restaurada en 4K la cinta 2001: Odisea del espacio, la cual se proyectar\u00e1 en el Auditorio&#8230;<\/p>\n","protected":false},"author":1,"featured_media":525,"comment_status":"open","ping_status":"open","sticky":false,"template":"","format":"standard","meta":{"footnotes":""},"categories":[5],"tags":[],"class_list":["post-524","post","type-post","status-publish","format-standard","has-post-thumbnail","hentry","category-espectaculos"],"_links":{"self":[{"href":"https:\/\/lagumex.mx\/index\/wp-json\/wp\/v2\/posts\/524","targetHints":{"allow":["GET"]}}],"collection":[{"href":"https:\/\/lagumex.mx\/index\/wp-json\/wp\/v2\/posts"}],"about":[{"href":"https:\/\/lagumex.mx\/index\/wp-json\/wp\/v2\/types\/post"}],"author":[{"embeddable":true,"href":"https:\/\/lagumex.mx\/index\/wp-json\/wp\/v2\/users\/1"}],"replies":[{"embeddable":true,"href":"https:\/\/lagumex.mx\/index\/wp-json\/wp\/v2\/comments?post=524"}],"version-history":[{"count":1,"href":"https:\/\/lagumex.mx\/index\/wp-json\/wp\/v2\/posts\/524\/revisions"}],"predecessor-version":[{"id":526,"href":"https:\/\/lagumex.mx\/index\/wp-json\/wp\/v2\/posts\/524\/revisions\/526"}],"wp:featuredmedia":[{"embeddable":true,"href":"https:\/\/lagumex.mx\/index\/wp-json\/wp\/v2\/media\/525"}],"wp:attachment":[{"href":"https:\/\/lagumex.mx\/index\/wp-json\/wp\/v2\/media?parent=524"}],"wp:term":[{"taxonomy":"category","embeddable":true,"href":"https:\/\/lagumex.mx\/index\/wp-json\/wp\/v2\/categories?post=524"},{"taxonomy":"post_tag","embeddable":true,"href":"https:\/\/lagumex.mx\/index\/wp-json\/wp\/v2\/tags?post=524"}],"curies":[{"name":"wp","href":"https:\/\/api.w.org\/{rel}","templated":true}]}}