{"id":5048,"date":"2026-08-27T15:11:00","date_gmt":"2026-08-27T15:11:00","guid":{"rendered":"https:\/\/lagumex.mx\/index\/?p=5048"},"modified":"2026-09-02T15:13:31","modified_gmt":"2026-09-02T15:13:31","slug":"fortalecen-dif-lerdo-alianzas-con-iglesia-para-bienestar-de-familias-vulnerables","status":"publish","type":"post","link":"https:\/\/lagumex.mx\/index\/lerdo\/fortalecen-dif-lerdo-alianzas-con-iglesia-para-bienestar-de-familias-vulnerables\/","title":{"rendered":"FORTALECEN DIF LERDO ALIANZAS CON IGLESIA PARA BIENESTAR DE FAMILIAS VULNERABLES"},"content":{"rendered":"\n<p>27 de agosto de 2026.- El Sistema para el Desarrollo Integral de la Familia (DIF) en Lerdo sostuvo una reuni\u00f3n\u00a0de trabajo con representantes de la Iglesia de Jesucristo de los Santos de los \u00daltimos D\u00edas, encaminada a establecer esquemas de colaboraci\u00f3n conjunta para el desarrollo social de la comunidad, con el firme prop\u00f3sito de sumar esfuerzos y construir puentes institucionalmente s\u00f3lidos en favor de quienes m\u00e1s lo necesitan.<\/p>\n\n\n\n<p>El encuentro estuvo encabezado por la Directora del DIF Municipal, Rita Irasema Loza Covarrubias, quien recibi\u00f3 a Claudia Garc\u00eda, Directora de Comunicaciones de la Iglesia, y a Fernando Peralta, Gerente de Autosuficiencia y Bienestar. Durante el di\u00e1logo, ambas partes reafirmaron su disposici\u00f3n de sumar capacidades con esp\u00edritu de servicio para generar programas que impulsen la autosuficiencia y la mejora en la calidad de vida de las familias lerdenses.<\/p>\n\n\n\n<p>La titular del DIF destac\u00f3 que la instrucci\u00f3n de la Presidenta Municipal Susy Carolina Torrecillas Salazar, es mantener una pol\u00edtica de puertas abiertas y alianzas estrat\u00e9gicas con asociaciones e instituciones civiles y religiosas. Se\u00f1al\u00f3 que la uni\u00f3n de voluntades permite multiplicar el alcance de la asistencia social, haciendo llegar apoyos alimentarios, comunitarios y de desarrollo humano a un mayor n\u00famero de sectores en condici\u00f3n de vulnerabilidad.<\/p>\n\n\n\n<p>\u201cLa instrucci\u00f3n de nuestra Presidenta Susy Torrecillas es fortalecer la atenci\u00f3n a la ciudadan\u00eda lerdense, por ello, nos reunimos con los representantes de esta instituci\u00f3n eclesi\u00e1stica para coordinar acciones directas de apoyo social y proyectos de autosuficiencia en beneficio de las familias\u201d, destac\u00f3 Rita Loza.<\/p>\n\n\n\n<p>Por su parte, los directivos de la Iglesia de Jesucristo expresaron su reconocimiento al trabajo que realiza la administraci\u00f3n municipal y ratificaron su compromiso de colaborar activamente en proyectos de impacto social. Se acord\u00f3 que en las pr\u00f3ximas semanas se definir\u00e1n los calendarios de trabajo y los programas espec\u00edficos de atenci\u00f3n integral que se desplegar\u00e1n de manera coordinada en las colonias y comunidades rurales de Lerdo.<\/p>\n","protected":false},"excerpt":{"rendered":"<p>27 de agosto de 2026.- El Sistema para el Desarrollo Integral de la Familia (DIF) en Lerdo sostuvo una reuni\u00f3n\u00a0de trabajo con representantes de la Iglesia de Jesucristo de los Santos de los \u00daltimos D\u00edas, encaminada a establecer esquemas de colaboraci\u00f3n conjunta para el desarrollo social de la comunidad, con el firme prop\u00f3sito de sumar&#8230;<\/p>\n","protected":false},"author":1,"featured_media":5049,"comment_status":"open","ping_status":"open","sticky":false,"template":"","format":"standard","meta":{"footnotes":""},"categories":[3],"tags":[],"class_list":["post-5048","post","type-post","status-publish","format-standard","has-post-thumbnail","hentry","category-lerdo"],"_links":{"self":[{"href":"https:\/\/lagumex.mx\/index\/wp-json\/wp\/v2\/posts\/5048","targetHints":{"allow":["GET"]}}],"collection":[{"href":"https:\/\/lagumex.mx\/index\/wp-json\/wp\/v2\/posts"}],"about":[{"href":"https:\/\/lagumex.mx\/index\/wp-json\/wp\/v2\/types\/post"}],"author":[{"embeddable":true,"href":"https:\/\/lagumex.mx\/index\/wp-json\/wp\/v2\/users\/1"}],"replies":[{"embeddable":true,"href":"https:\/\/lagumex.mx\/index\/wp-json\/wp\/v2\/comments?post=5048"}],"version-history":[{"count":1,"href":"https:\/\/lagumex.mx\/index\/wp-json\/wp\/v2\/posts\/5048\/revisions"}],"predecessor-version":[{"id":5050,"href":"https:\/\/lagumex.mx\/index\/wp-json\/wp\/v2\/posts\/5048\/revisions\/5050"}],"wp:featuredmedia":[{"embeddable":true,"href":"https:\/\/lagumex.mx\/index\/wp-json\/wp\/v2\/media\/5049"}],"wp:attachment":[{"href":"https:\/\/lagumex.mx\/index\/wp-json\/wp\/v2\/media?parent=5048"}],"wp:term":[{"taxonomy":"category","embeddable":true,"href":"https:\/\/lagumex.mx\/index\/wp-json\/wp\/v2\/categories?post=5048"},{"taxonomy":"post_tag","embeddable":true,"href":"https:\/\/lagumex.mx\/index\/wp-json\/wp\/v2\/tags?post=5048"}],"curies":[{"name":"wp","href":"https:\/\/api.w.org\/{rel}","templated":true}]}}