{"id":5045,"date":"2026-09-02T03:10:00","date_gmt":"2026-09-02T03:10:00","guid":{"rendered":"https:\/\/lagumex.mx\/index\/?p=5045"},"modified":"2026-09-02T15:11:38","modified_gmt":"2026-09-02T15:11:38","slug":"adquieren-300-luminarias-para-sectores-con-deficiencias-de-alumbrado-en-lerdo","status":"publish","type":"post","link":"https:\/\/lagumex.mx\/index\/lerdo\/adquieren-300-luminarias-para-sectores-con-deficiencias-de-alumbrado-en-lerdo\/","title":{"rendered":"Adquieren 300 luminarias para sectores con deficiencias de alumbrado en Lerdo"},"content":{"rendered":"\n<p>02 de septiembre de 2026.- <strong>El Ayuntamiento de Lerdo arranc\u00f3 un nuevo esquema de adquisici\u00f3n de 300 luminarias con la intenci\u00f3n de brindar atenci\u00f3n a todos aquellos sectores del Municipio que en la actualidad presentan deficiencias de alumbrado p\u00fablico.<\/strong> La alcaldesa Susy Carolina Torrecillas Salazar detall\u00f3 que como parte de esta estrategia,&nbsp;<strong>el \u00e1re<\/strong><strong>a de Alumbrado P\u00fablico recibir\u00e1 semanalmente 300 luminarias de 150 watts para que el personal operativo cuente con los materiales y herramientas necesarios<\/strong>&nbsp;para realizar trabajos de sustituci\u00f3n y rehabilitaci\u00f3n tanto en la zona urbana como rural.<\/p>\n\n\n\n<p>Destac\u00f3 que estas acciones permitir\u00e1n mantener parques, plazas, vialidades y espacios p\u00fablicos mejor iluminados, contribuyendo a mejorar el entorno y brindar mayor seguridad a las familias lerdenses.<\/p>\n\n\n\n<p>\u00abCon ello contribuimos a que haya menos robos y a que la ciudadan\u00eda pueda transitar libre y segura por los parques, plazas y espacios p\u00fablicos de Lerdo\u00bb, se\u00f1al\u00f3. Cabe hacer menci\u00f3n que la entrega de l\u00e1mparas al departamento de Servicios P\u00fablicos Municipales se llev\u00f3 a cabo el pasado lunes en la plaza principal, ubicada frente a la presidencia municipal, donde estuvieron presentes integrantes de Cabildo y dem\u00e1s funcionarios de Lerdo. \u201cCon la entrega de l\u00e1mparas a Servicios P\u00fablicos Municipales, fortalecemos las acciones para mantener iluminadas nuestras calles, espacios p\u00fablicos y comunidades\u201d, inform\u00f3 la alcaldesa en sus redes sociales oficiales. Lo que se pudo observar es que las l\u00e1mparas son de la marca Igoto, aunque no se revel\u00f3 el monto de inversi\u00f3n.<\/p>\n","protected":false},"excerpt":{"rendered":"<p>02 de septiembre de 2026.- El Ayuntamiento de Lerdo arranc\u00f3 un nuevo esquema de adquisici\u00f3n de 300 luminarias con la intenci\u00f3n de brindar atenci\u00f3n a todos aquellos sectores del Municipio que en la actualidad presentan deficiencias de alumbrado p\u00fablico. La alcaldesa Susy Carolina Torrecillas Salazar detall\u00f3 que como parte de esta estrategia,&nbsp;el \u00e1rea de Alumbrado&#8230;<\/p>\n","protected":false},"author":1,"featured_media":5046,"comment_status":"open","ping_status":"open","sticky":false,"template":"","format":"standard","meta":{"footnotes":""},"categories":[3],"tags":[],"class_list":["post-5045","post","type-post","status-publish","format-standard","has-post-thumbnail","hentry","category-lerdo"],"_links":{"self":[{"href":"https:\/\/lagumex.mx\/index\/wp-json\/wp\/v2\/posts\/5045","targetHints":{"allow":["GET"]}}],"collection":[{"href":"https:\/\/lagumex.mx\/index\/wp-json\/wp\/v2\/posts"}],"about":[{"href":"https:\/\/lagumex.mx\/index\/wp-json\/wp\/v2\/types\/post"}],"author":[{"embeddable":true,"href":"https:\/\/lagumex.mx\/index\/wp-json\/wp\/v2\/users\/1"}],"replies":[{"embeddable":true,"href":"https:\/\/lagumex.mx\/index\/wp-json\/wp\/v2\/comments?post=5045"}],"version-history":[{"count":1,"href":"https:\/\/lagumex.mx\/index\/wp-json\/wp\/v2\/posts\/5045\/revisions"}],"predecessor-version":[{"id":5047,"href":"https:\/\/lagumex.mx\/index\/wp-json\/wp\/v2\/posts\/5045\/revisions\/5047"}],"wp:featuredmedia":[{"embeddable":true,"href":"https:\/\/lagumex.mx\/index\/wp-json\/wp\/v2\/media\/5046"}],"wp:attachment":[{"href":"https:\/\/lagumex.mx\/index\/wp-json\/wp\/v2\/media?parent=5045"}],"wp:term":[{"taxonomy":"category","embeddable":true,"href":"https:\/\/lagumex.mx\/index\/wp-json\/wp\/v2\/categories?post=5045"},{"taxonomy":"post_tag","embeddable":true,"href":"https:\/\/lagumex.mx\/index\/wp-json\/wp\/v2\/tags?post=5045"}],"curies":[{"name":"wp","href":"https:\/\/api.w.org\/{rel}","templated":true}]}}