{"id":5042,"date":"2026-09-01T15:07:30","date_gmt":"2026-09-01T15:07:30","guid":{"rendered":"https:\/\/lagumex.mx\/index\/?p=5042"},"modified":"2026-09-02T15:09:16","modified_gmt":"2026-09-02T15:09:16","slug":"alcaldesa-de-lerdo-reconoce-inversiones-federales-y-plantea-retos-en-salud-e-iluminacion","status":"publish","type":"post","link":"https:\/\/lagumex.mx\/index\/lerdo\/alcaldesa-de-lerdo-reconoce-inversiones-federales-y-plantea-retos-en-salud-e-iluminacion\/","title":{"rendered":"Alcaldesa de Lerdo reconoce inversiones federales y plantea retos en salud e iluminaci\u00f3n"},"content":{"rendered":"\n<p>01 de septiembre de 2026.- <strong>La alcaldesa de Lerdo,\u00a0Susy Carolina Torrecillas Salazar, destac\u00f3 el respaldo de la presidenta de M\u00e9xico,\u00a0Claudia Sheinbaum Pardo, a diversos proyectos en beneficio de la ciudadan\u00eda y del desarrollo de Ciudad Jard\u00edn, entre ellos recursos para educaci\u00f3n, espacios p\u00fablicos, centros infantiles y gestiones en materia de salud e infraestructura.<\/strong> Si bien a\u00fan hay \u00e1reas de oportunidad en el Gobierno federal, la alcaldesa se\u00f1al\u00f3 que el Municipio ha recibido&nbsp;<strong>m\u00e1s de 20 millones de pesos<\/strong>&nbsp;como parte del programa&nbsp;<strong>La Escuela es Nuestra (PLEEN)<\/strong>, creado para mejorar la infraestructura y los servicios de los planteles educativos de nivel b\u00e1sico y media superior.<\/p>\n\n\n\n<p>De igual manera, resalt\u00f3 que como parte del\u00a0<strong>Mundial Social 2026<\/strong>, Lerdo fue beneficiado con la construcci\u00f3n de\u00a0<strong>dos canchas de futbol<\/strong>, con una inversi\u00f3n de\u00a0<strong>un mill\u00f3n 500 mil pesos<\/strong>\u00a0cada una, adem\u00e1s de\u00a0<strong>dos remodelaciones totales de espacios p\u00fablicos<\/strong>\u00a0en\u00a0<strong>cerrada Quintas Lerdo<\/strong>\u00a0y\u00a0<strong>Huertas II<\/strong>. Proyectos con el IMSS La alcaldesa coment\u00f3 que actualmente est\u00e1n en curso los proyectos para la construcci\u00f3n de\u00a0<strong>dos Centros de Educaci\u00f3n y Cuidado Infantil (CECI)<\/strong>\u00a0con capacidad de hasta\u00a0<strong>250 ni\u00f1os y ni\u00f1as<\/strong>, por lo que el Municipio cedi\u00f3 dos terrenos al\u00a0<strong>Instituto Mexicano del Seguro Social (IMSS)<\/strong>.<\/p>\n","protected":false},"excerpt":{"rendered":"<p>01 de septiembre de 2026.- La alcaldesa de Lerdo,\u00a0Susy Carolina Torrecillas Salazar, destac\u00f3 el respaldo de la presidenta de M\u00e9xico,\u00a0Claudia Sheinbaum Pardo, a diversos proyectos en beneficio de la ciudadan\u00eda y del desarrollo de Ciudad Jard\u00edn, entre ellos recursos para educaci\u00f3n, espacios p\u00fablicos, centros infantiles y gestiones en materia de salud e infraestructura. Si bien&#8230;<\/p>\n","protected":false},"author":1,"featured_media":5043,"comment_status":"open","ping_status":"open","sticky":false,"template":"","format":"standard","meta":{"footnotes":""},"categories":[3],"tags":[],"class_list":["post-5042","post","type-post","status-publish","format-standard","has-post-thumbnail","hentry","category-lerdo"],"_links":{"self":[{"href":"https:\/\/lagumex.mx\/index\/wp-json\/wp\/v2\/posts\/5042","targetHints":{"allow":["GET"]}}],"collection":[{"href":"https:\/\/lagumex.mx\/index\/wp-json\/wp\/v2\/posts"}],"about":[{"href":"https:\/\/lagumex.mx\/index\/wp-json\/wp\/v2\/types\/post"}],"author":[{"embeddable":true,"href":"https:\/\/lagumex.mx\/index\/wp-json\/wp\/v2\/users\/1"}],"replies":[{"embeddable":true,"href":"https:\/\/lagumex.mx\/index\/wp-json\/wp\/v2\/comments?post=5042"}],"version-history":[{"count":1,"href":"https:\/\/lagumex.mx\/index\/wp-json\/wp\/v2\/posts\/5042\/revisions"}],"predecessor-version":[{"id":5044,"href":"https:\/\/lagumex.mx\/index\/wp-json\/wp\/v2\/posts\/5042\/revisions\/5044"}],"wp:featuredmedia":[{"embeddable":true,"href":"https:\/\/lagumex.mx\/index\/wp-json\/wp\/v2\/media\/5043"}],"wp:attachment":[{"href":"https:\/\/lagumex.mx\/index\/wp-json\/wp\/v2\/media?parent=5042"}],"wp:term":[{"taxonomy":"category","embeddable":true,"href":"https:\/\/lagumex.mx\/index\/wp-json\/wp\/v2\/categories?post=5042"},{"taxonomy":"post_tag","embeddable":true,"href":"https:\/\/lagumex.mx\/index\/wp-json\/wp\/v2\/tags?post=5042"}],"curies":[{"name":"wp","href":"https:\/\/api.w.org\/{rel}","templated":true}]}}