{"id":5030,"date":"2026-08-31T19:25:00","date_gmt":"2026-08-31T19:25:00","guid":{"rendered":"https:\/\/lagumex.mx\/index\/?p=5030"},"modified":"2026-09-01T19:26:48","modified_gmt":"2026-09-01T19:26:48","slug":"5030","status":"publish","type":"post","link":"https:\/\/lagumex.mx\/index\/lerdo\/5030\/","title":{"rendered":""},"content":{"rendered":"\n<p>31 de agosto de 2026.- <strong>La alcaldesa de Lerdo,\u00a0Susy Carolina Torrecillas Salazar, anunci\u00f3 este\u00a0lunes\u00a0cambios y enroques en la administraci\u00f3n municipal\u00a02025-2028\u00a0con el argumento de fortalecer distintas \u00e1reas del Ayuntamiento y mejorar los resultados en beneficio de la ciudadan\u00eda.<\/strong> En el despacho presidencial, la presidenta municipal tom\u00f3 protesta a\u00a0<strong>Brenda Damaris Elizama Bandt Ceballos<\/strong>\u00a0como nueva directora de Turismo, en sustituci\u00f3n de\u00a0<strong>Mar\u00eda Jos\u00e9 Lazo Soto<\/strong>, quien present\u00f3 su renuncia. Bandt Ceballos anteriormente se desempe\u00f1aba en el \u00e1rea de Emprendedores de la Direcci\u00f3n de Desarrollo Econ\u00f3mico. Es ingeniera en Sistemas Computacionales, egresada del\u00a0<strong>Instituto Tecnol\u00f3gico Superior de Lerdo<\/strong>, y cuenta con experiencia en asociaciones civiles, as\u00ed como una amplia trayectoria en el \u00e1rea de emprendimiento.<\/p>\n\n\n\n<p>Este d\u00eda, Torrecillas Salazar tambi\u00e9n tom\u00f3 protesta a&nbsp;<strong>Luly Flores Mu\u00f1oz<\/strong>&nbsp;como nueva jefa del Despacho Presidencial, quien desde el inicio de la actual administraci\u00f3n se desempe\u00f1aba como secretaria t\u00e9cnica del mismo.<\/p>\n\n\n\n<p>Luly Flores Mu\u00f1oz es egresada de la Licenciatura en Ciencias de la Comunicaci\u00f3n de la&nbsp;<strong>Universidad Aut\u00f3noma de La Laguna<\/strong>&nbsp;y cuenta con experiencia en el \u00e1mbito de las relaciones p\u00fablicas.<\/p>\n","protected":false},"excerpt":{"rendered":"<p>31 de agosto de 2026.- La alcaldesa de Lerdo,\u00a0Susy Carolina Torrecillas Salazar, anunci\u00f3 este\u00a0lunes\u00a0cambios y enroques en la administraci\u00f3n municipal\u00a02025-2028\u00a0con el argumento de fortalecer distintas \u00e1reas del Ayuntamiento y mejorar los resultados en beneficio de la ciudadan\u00eda. En el despacho presidencial, la presidenta municipal tom\u00f3 protesta a\u00a0Brenda Damaris Elizama Bandt Ceballos\u00a0como nueva directora de Turismo,&#8230;<\/p>\n","protected":false},"author":1,"featured_media":5031,"comment_status":"open","ping_status":"open","sticky":false,"template":"","format":"standard","meta":{"footnotes":""},"categories":[3],"tags":[],"class_list":["post-5030","post","type-post","status-publish","format-standard","has-post-thumbnail","hentry","category-lerdo"],"_links":{"self":[{"href":"https:\/\/lagumex.mx\/index\/wp-json\/wp\/v2\/posts\/5030","targetHints":{"allow":["GET"]}}],"collection":[{"href":"https:\/\/lagumex.mx\/index\/wp-json\/wp\/v2\/posts"}],"about":[{"href":"https:\/\/lagumex.mx\/index\/wp-json\/wp\/v2\/types\/post"}],"author":[{"embeddable":true,"href":"https:\/\/lagumex.mx\/index\/wp-json\/wp\/v2\/users\/1"}],"replies":[{"embeddable":true,"href":"https:\/\/lagumex.mx\/index\/wp-json\/wp\/v2\/comments?post=5030"}],"version-history":[{"count":1,"href":"https:\/\/lagumex.mx\/index\/wp-json\/wp\/v2\/posts\/5030\/revisions"}],"predecessor-version":[{"id":5032,"href":"https:\/\/lagumex.mx\/index\/wp-json\/wp\/v2\/posts\/5030\/revisions\/5032"}],"wp:featuredmedia":[{"embeddable":true,"href":"https:\/\/lagumex.mx\/index\/wp-json\/wp\/v2\/media\/5031"}],"wp:attachment":[{"href":"https:\/\/lagumex.mx\/index\/wp-json\/wp\/v2\/media?parent=5030"}],"wp:term":[{"taxonomy":"category","embeddable":true,"href":"https:\/\/lagumex.mx\/index\/wp-json\/wp\/v2\/categories?post=5030"},{"taxonomy":"post_tag","embeddable":true,"href":"https:\/\/lagumex.mx\/index\/wp-json\/wp\/v2\/tags?post=5030"}],"curies":[{"name":"wp","href":"https:\/\/api.w.org\/{rel}","templated":true}]}}