{"id":5025,"date":"2026-09-01T07:22:00","date_gmt":"2026-09-01T07:22:00","guid":{"rendered":"https:\/\/lagumex.mx\/index\/?p=5025"},"modified":"2026-09-01T19:24:17","modified_gmt":"2026-09-01T19:24:17","slug":"alistan-fiestras-patrias-en-lerdo-esperan-a-mas-de-15-mil-personas","status":"publish","type":"post","link":"https:\/\/lagumex.mx\/index\/lerdo\/alistan-fiestras-patrias-en-lerdo-esperan-a-mas-de-15-mil-personas\/","title":{"rendered":"Alistan fiestras patrias en Lerdo, esperan a m\u00e1s de 15 mil personas"},"content":{"rendered":"\n<p><strong>01 de septiembre de 2026.- El Municipio de Lerdo prepara la celebraci\u00f3n por el\u00a0216 aniversario de la Independencia de M\u00e9xico, un acto que por segundo a\u00f1o consecutivo ser\u00e1 presidido por la alcaldesa\u00a0Susy Carolina Torrecillas Salazar\u00a0y al que se espera la asistencia de\u00a0m\u00e1s de 15 mil personas.<\/strong> Este martes, la presidenta municipal inform\u00f3 que el pr\u00f3ximo\u00a0<strong>martes 15 de septiembre<\/strong>\u00a0se realizar\u00e1 una combinaci\u00f3n de actividades entre el\u00a0<strong>Paseo Sarabia<\/strong>\u00a0y los alrededores de la\u00a0<strong>plaza principal<\/strong>. A las\u00a0<strong>20:00 horas<\/strong>\u00a0amenizar\u00e1 la\u00a0<strong>Banda Lagunera Rancho Grande<\/strong>\u00a0y a las\u00a0<strong>22:30 horas<\/strong>\u00a0dar\u00e1 inicio la ceremonia del\u00a0<strong>Grito de Independencia<\/strong>\u00a0en la presidencia municipal, con el acompa\u00f1amiento de la\u00a0<strong>Secretar\u00eda de la Defensa Nacional (Sedena)<\/strong>. Posteriormente y a trav\u00e9s de la empresa\u00a0<strong>Showcase Entretenimiento<\/strong>, las fiestas patrias continuar\u00e1n con la presentaci\u00f3n de\u00a0<strong>Tropical\u00edsimo Apache<\/strong>, por lo que la alcaldesa descart\u00f3 la participaci\u00f3n del cantante de m\u00fasica regional mexicana,\u00a0<strong>Juli\u00f3n \u00c1lvarez<\/strong>, como hab\u00eda circulado en redes sociales.<\/p>\n\n\n\n<p><\/p>\n","protected":false},"excerpt":{"rendered":"<p>01 de septiembre de 2026.- El Municipio de Lerdo prepara la celebraci\u00f3n por el\u00a0216 aniversario de la Independencia de M\u00e9xico, un acto que por segundo a\u00f1o consecutivo ser\u00e1 presidido por la alcaldesa\u00a0Susy Carolina Torrecillas Salazar\u00a0y al que se espera la asistencia de\u00a0m\u00e1s de 15 mil personas. Este martes, la presidenta municipal inform\u00f3 que el pr\u00f3ximo\u00a0martes&#8230;<\/p>\n","protected":false},"author":1,"featured_media":5026,"comment_status":"open","ping_status":"open","sticky":false,"template":"","format":"standard","meta":{"footnotes":""},"categories":[3],"tags":[],"class_list":["post-5025","post","type-post","status-publish","format-standard","has-post-thumbnail","hentry","category-lerdo"],"_links":{"self":[{"href":"https:\/\/lagumex.mx\/index\/wp-json\/wp\/v2\/posts\/5025","targetHints":{"allow":["GET"]}}],"collection":[{"href":"https:\/\/lagumex.mx\/index\/wp-json\/wp\/v2\/posts"}],"about":[{"href":"https:\/\/lagumex.mx\/index\/wp-json\/wp\/v2\/types\/post"}],"author":[{"embeddable":true,"href":"https:\/\/lagumex.mx\/index\/wp-json\/wp\/v2\/users\/1"}],"replies":[{"embeddable":true,"href":"https:\/\/lagumex.mx\/index\/wp-json\/wp\/v2\/comments?post=5025"}],"version-history":[{"count":1,"href":"https:\/\/lagumex.mx\/index\/wp-json\/wp\/v2\/posts\/5025\/revisions"}],"predecessor-version":[{"id":5027,"href":"https:\/\/lagumex.mx\/index\/wp-json\/wp\/v2\/posts\/5025\/revisions\/5027"}],"wp:featuredmedia":[{"embeddable":true,"href":"https:\/\/lagumex.mx\/index\/wp-json\/wp\/v2\/media\/5026"}],"wp:attachment":[{"href":"https:\/\/lagumex.mx\/index\/wp-json\/wp\/v2\/media?parent=5025"}],"wp:term":[{"taxonomy":"category","embeddable":true,"href":"https:\/\/lagumex.mx\/index\/wp-json\/wp\/v2\/categories?post=5025"},{"taxonomy":"post_tag","embeddable":true,"href":"https:\/\/lagumex.mx\/index\/wp-json\/wp\/v2\/tags?post=5025"}],"curies":[{"name":"wp","href":"https:\/\/api.w.org\/{rel}","templated":true}]}}