{"id":5006,"date":"2026-08-13T16:41:42","date_gmt":"2026-08-13T16:41:42","guid":{"rendered":"https:\/\/lagumex.mx\/index\/?p=5006"},"modified":"2026-08-21T16:42:44","modified_gmt":"2026-08-21T16:42:44","slug":"pide-congreso-atender-crisis-de-productores-de-maiz-forrajero-y-sorgo-en-la-laguna","status":"publish","type":"post","link":"https:\/\/lagumex.mx\/index\/uncategorized\/congreso-de-durango\/pide-congreso-atender-crisis-de-productores-de-maiz-forrajero-y-sorgo-en-la-laguna\/","title":{"rendered":"Pide Congreso atender crisis de productores de ma\u00edz forrajero y sorgo en La Laguna"},"content":{"rendered":"\n<p>13 de agosto de 2026.- Se deben focalizar apoyos en los peque\u00f1os productores: Alejandro Mata.<\/p>\n\n\n\n<p>Por acuerdo un\u00e1nime, la Comisi\u00f3n Permanente exhort\u00f3 a las secretar\u00edas de Agricultura del Gobierno Federal y del Gobierno del Estado a implementar un programa de apoyo para los productores de ma\u00edz forrajero y sorgo de la regi\u00f3n lagunera de Durango, ante la crisis de comercializaci\u00f3n que actualmente enfrenta el sector.<\/p>\n\n\n\n<p>Al presentar el punto de acuerdo, la diputada Nadia Mil\u00e1n Ram\u00edrez destac\u00f3 que la regi\u00f3n lagunera constituye uno de los principales polos agropecuarios de Durango y del norte del pa\u00eds, donde municipios como G\u00f3mez Palacio, Lerdo, Tlahualilo, Mapim\u00ed, San Juan de Guadalupe y Sim\u00f3n Bol\u00edvar concentran una importante superficie dedicada a la producci\u00f3n de ma\u00edz forrajero y sorgo, cultivos indispensables para abastecer la actividad ganadera y lechera.<\/p>\n\n\n\n<p>\u201cCuando el precio de venta no permite recuperar adecuadamente los costos de producci\u00f3n, el campesino termina trabajando a p\u00e9rdidas. \u201cSin campesinos no hay campo, sin campo no hay alimentos y sin justicia para quienes producen no puede haber verdadero bienestar\u201d, expres\u00f3 al considerar indispensable construir una pol\u00edtica agr\u00edcola que permita a los productores contar con certidumbre en los mercados y obtener un ingreso digno por su trabajo.<\/p>\n\n\n\n<p>Destac\u00f3 que, de acuerdo con informaci\u00f3n proporcionada por la Confederaci\u00f3n Nacional Campesina de G\u00f3mez Palacio, la cosecha de ma\u00edz forrajero registra un avance superior al 50 por ciento y el producto se comercializa actualmente a un precio promedio de 1.20 pesos por kilogramo, cifra que, se\u00f1al\u00f3, representa una fuerte preocupaci\u00f3n debido a los costos que implica preparar la tierra, adquirir semillas, fertilizantes, agua, maquinaria, combustible y mano de obra.<\/p>\n\n\n\n<p>La legisladora advirti\u00f3 que el panorama podr\u00eda complicarse en los pr\u00f3ximos d\u00edas con el inicio del corte de sorgo, cuyo precio estimado de comercializaci\u00f3n se ubica entre 80 centavos y un peso por kilogramo, lo que representar\u00eda un golpe importante para los ejidatarios y productores de la Comarca Lagunera.<\/p>\n\n\n\n<p>Durante la discusi\u00f3n, el diputado Alejandro Mata Valadez se sum\u00f3 al exhorto y destac\u00f3 que en la Comarca Lagunera se vive una crisis derivada del desplome en el precio de los forrajes, por lo que consider\u00f3 necesario que Federaci\u00f3n, Estado, municipios y los diferentes sectores productivos participen en la b\u00fasqueda de soluciones; adem\u00e1s hizo \u00e9nfasis en focalizar los apoyos en los peque\u00f1os productores.<\/p>\n\n\n\n<p>Ante ello, plante\u00f3 la necesidad de analizar posibles modificaciones y acciones dentro del marco jur\u00eddico estatal que permitan generar mejores condiciones de competencia para los productores de la regi\u00f3n y fortalecer el mercado local.<\/p>\n\n\n\n<p>Finalmente, hizo un llamado a los grandes productores de leche y de otras prote\u00ednas animales que utilizan forraje para que, desde sus posibilidades, experiencia y capacidad t\u00e9cnica, contribuyan tambi\u00e9n a encontrar alternativas que permitan enfrentar esta problem\u00e1tica y apoyar a quienes se encuentran en una situaci\u00f3n econ\u00f3mica m\u00e1s vulnerable.<\/p>\n","protected":false},"excerpt":{"rendered":"<p>13 de agosto de 2026.- Se deben focalizar apoyos en los peque\u00f1os productores: Alejandro Mata. Por acuerdo un\u00e1nime, la Comisi\u00f3n Permanente exhort\u00f3 a las secretar\u00edas de Agricultura del Gobierno Federal y del Gobierno del Estado a implementar un programa de apoyo para los productores de ma\u00edz forrajero y sorgo de la regi\u00f3n lagunera de Durango,&#8230;<\/p>\n","protected":false},"author":1,"featured_media":5007,"comment_status":"open","ping_status":"open","sticky":false,"template":"","format":"standard","meta":{"footnotes":""},"categories":[13],"tags":[],"class_list":["post-5006","post","type-post","status-publish","format-standard","has-post-thumbnail","hentry","category-congreso-de-durango"],"_links":{"self":[{"href":"https:\/\/lagumex.mx\/index\/wp-json\/wp\/v2\/posts\/5006","targetHints":{"allow":["GET"]}}],"collection":[{"href":"https:\/\/lagumex.mx\/index\/wp-json\/wp\/v2\/posts"}],"about":[{"href":"https:\/\/lagumex.mx\/index\/wp-json\/wp\/v2\/types\/post"}],"author":[{"embeddable":true,"href":"https:\/\/lagumex.mx\/index\/wp-json\/wp\/v2\/users\/1"}],"replies":[{"embeddable":true,"href":"https:\/\/lagumex.mx\/index\/wp-json\/wp\/v2\/comments?post=5006"}],"version-history":[{"count":1,"href":"https:\/\/lagumex.mx\/index\/wp-json\/wp\/v2\/posts\/5006\/revisions"}],"predecessor-version":[{"id":5008,"href":"https:\/\/lagumex.mx\/index\/wp-json\/wp\/v2\/posts\/5006\/revisions\/5008"}],"wp:featuredmedia":[{"embeddable":true,"href":"https:\/\/lagumex.mx\/index\/wp-json\/wp\/v2\/media\/5007"}],"wp:attachment":[{"href":"https:\/\/lagumex.mx\/index\/wp-json\/wp\/v2\/media?parent=5006"}],"wp:term":[{"taxonomy":"category","embeddable":true,"href":"https:\/\/lagumex.mx\/index\/wp-json\/wp\/v2\/categories?post=5006"},{"taxonomy":"post_tag","embeddable":true,"href":"https:\/\/lagumex.mx\/index\/wp-json\/wp\/v2\/tags?post=5006"}],"curies":[{"name":"wp","href":"https:\/\/api.w.org\/{rel}","templated":true}]}}