{"id":5003,"date":"2026-08-17T16:40:22","date_gmt":"2026-08-17T16:40:22","guid":{"rendered":"https:\/\/lagumex.mx\/index\/?p=5003"},"modified":"2026-08-21T16:41:25","modified_gmt":"2026-08-21T16:41:25","slug":"construimos-acuerdos-por-durango-alanis-herrera","status":"publish","type":"post","link":"https:\/\/lagumex.mx\/index\/uncategorized\/congreso-de-durango\/construimos-acuerdos-por-durango-alanis-herrera\/","title":{"rendered":"Construimos acuerdos por Durango: Alan\u00eds Herrera"},"content":{"rendered":"\n<p>17 de agosto de 2026.- \u201cConstruimos acuerdos y consensos en beneficio de Durango y de las familias duranguenses\u201d, afirm\u00f3 el presidente de la Junta de Gobierno y Coordinaci\u00f3n Pol\u00edtica, Ernesto Alan\u00eds Herrera, durante el encuentro que sostuvieron las y los coordinadores de los distintos grupos parlamentarios con el gobernador Esteban Villegas Villarreal.<\/p>\n\n\n\n<p>El legislador destac\u00f3 que el di\u00e1logo y la construcci\u00f3n de acuerdos entre las diferentes fuerzas pol\u00edticas son fundamentales para avanzar en una agenda legislativa que responda a las necesidades de Durango.<\/p>\n\n\n\n<p>\u201cCuando se trata de Durango, sabemos trabajar unidos\u201d, expres\u00f3, al se\u00f1alar que dentro del Congreso del Estado se mantiene la disposici\u00f3n permanente para dialogar, alcanzar consensos y generar las condiciones que permitan que Durango contin\u00fae creciendo, con mejores oportunidades para sus habitantes.<\/p>\n\n\n\n<p>Resalt\u00f3 que, m\u00e1s all\u00e1 de las diferencias partidistas, existe una responsabilidad compartida de impulsar las reformas, leyes y presupuestos que contribuyan al desarrollo del estado.<\/p>\n\n\n\n<p>Finalmente, reiter\u00f3 que el trabajo legislativo seguir\u00e1 privilegiando el di\u00e1logo y los acuerdos, colocando siempre por delante el bienestar de las y los duranguenses.<\/p>\n","protected":false},"excerpt":{"rendered":"<p>17 de agosto de 2026.- \u201cConstruimos acuerdos y consensos en beneficio de Durango y de las familias duranguenses\u201d, afirm\u00f3 el presidente de la Junta de Gobierno y Coordinaci\u00f3n Pol\u00edtica, Ernesto Alan\u00eds Herrera, durante el encuentro que sostuvieron las y los coordinadores de los distintos grupos parlamentarios con el gobernador Esteban Villegas Villarreal. El legislador destac\u00f3&#8230;<\/p>\n","protected":false},"author":1,"featured_media":5004,"comment_status":"open","ping_status":"open","sticky":false,"template":"","format":"standard","meta":{"footnotes":""},"categories":[13],"tags":[],"class_list":["post-5003","post","type-post","status-publish","format-standard","has-post-thumbnail","hentry","category-congreso-de-durango"],"_links":{"self":[{"href":"https:\/\/lagumex.mx\/index\/wp-json\/wp\/v2\/posts\/5003","targetHints":{"allow":["GET"]}}],"collection":[{"href":"https:\/\/lagumex.mx\/index\/wp-json\/wp\/v2\/posts"}],"about":[{"href":"https:\/\/lagumex.mx\/index\/wp-json\/wp\/v2\/types\/post"}],"author":[{"embeddable":true,"href":"https:\/\/lagumex.mx\/index\/wp-json\/wp\/v2\/users\/1"}],"replies":[{"embeddable":true,"href":"https:\/\/lagumex.mx\/index\/wp-json\/wp\/v2\/comments?post=5003"}],"version-history":[{"count":1,"href":"https:\/\/lagumex.mx\/index\/wp-json\/wp\/v2\/posts\/5003\/revisions"}],"predecessor-version":[{"id":5005,"href":"https:\/\/lagumex.mx\/index\/wp-json\/wp\/v2\/posts\/5003\/revisions\/5005"}],"wp:featuredmedia":[{"embeddable":true,"href":"https:\/\/lagumex.mx\/index\/wp-json\/wp\/v2\/media\/5004"}],"wp:attachment":[{"href":"https:\/\/lagumex.mx\/index\/wp-json\/wp\/v2\/media?parent=5003"}],"wp:term":[{"taxonomy":"category","embeddable":true,"href":"https:\/\/lagumex.mx\/index\/wp-json\/wp\/v2\/categories?post=5003"},{"taxonomy":"post_tag","embeddable":true,"href":"https:\/\/lagumex.mx\/index\/wp-json\/wp\/v2\/tags?post=5003"}],"curies":[{"name":"wp","href":"https:\/\/api.w.org\/{rel}","templated":true}]}}