{"id":4988,"date":"2026-08-04T19:00:07","date_gmt":"2026-08-04T19:00:07","guid":{"rendered":"https:\/\/lagumex.mx\/index\/?p=4988"},"modified":"2026-08-07T19:02:18","modified_gmt":"2026-08-07T19:02:18","slug":"lerdo-retira-280-toneladas-de-basura-en-10-dias-con-descacharrizacion","status":"publish","type":"post","link":"https:\/\/lagumex.mx\/index\/lerdo\/lerdo-retira-280-toneladas-de-basura-en-10-dias-con-descacharrizacion\/","title":{"rendered":"Lerdo retira 280 toneladas de basura en 10 d\u00edas con descacharrizaci\u00f3n"},"content":{"rendered":"\n<p>04 de agosto de 2026.- <strong>La alcaldesa, Susy Carolina Torrecillas Salazar, inform\u00f3 que a diez d\u00edas de haber puesto en operaci\u00f3n las dos rutas de descacharrizaci\u00f3n en la ciudad se han retirado cerca de 280 toneladas de basura, desechos y escombro de los hogares de Lerdo<\/strong>. \u00abEs un programa que ha sido muy importante para este gobierno, porque el orden y la limpieza de nuestra ciudad son una prioridad. Por ello, hacemos un llamado a todas y todos los ciudadanos para que se involucren y nos ayuden a mantener un municipio limpio\u00bb, expres\u00f3 la alcaldesa.<\/p>\n\n\n\n<p>Torrecillas Salazar destac\u00f3 que, con la incorporaci\u00f3n de los camiones de volteo, se ha agilizado el retiro de desechos, basura org\u00e1nica y escombro en diversos sectores del municipio. Mencion\u00f3 que la basura que hoy es recolectada anteriormente iba a parar a tiraderos clandestinos. Tambi\u00e9n dijo que mediante la agenda semanal de descacharrizaci\u00f3n que implementa la Direcci\u00f3n de Servicios P\u00fablicos, se recolectan colchones, llantas, muebles, electrodom\u00e9sticos, madera, fierro y pl\u00e1stico, calle por calle.<\/p>\n\n\n\n<p>Asimismo, se\u00f1al\u00f3 que a trav\u00e9s de la Polic\u00eda Ambiental se mantienen de manera permanente los operativos de vigilancia en canales de riego y otros puntos identificados como sitios de disposici\u00f3n ilegal de residuos, con el objetivo de prevenir estas pr\u00e1cticas y evitar que la ciudadan\u00eda incurra en faltas administrativas.<\/p>\n\n\n\n<p>Torrecillas record\u00f3 que los 10 nuevos camiones compactadores adquiridos por el Gobierno Municipal est\u00e1n destinados exclusivamente a la recolecci\u00f3n de basura dom\u00e9stica, con el prop\u00f3sito de brindar un servicio m\u00e1s eficiente y mantener limpia la ciudad.<\/p>\n","protected":false},"excerpt":{"rendered":"<p>04 de agosto de 2026.- La alcaldesa, Susy Carolina Torrecillas Salazar, inform\u00f3 que a diez d\u00edas de haber puesto en operaci\u00f3n las dos rutas de descacharrizaci\u00f3n en la ciudad se han retirado cerca de 280 toneladas de basura, desechos y escombro de los hogares de Lerdo. \u00abEs un programa que ha sido muy importante para&#8230;<\/p>\n","protected":false},"author":1,"featured_media":4989,"comment_status":"open","ping_status":"open","sticky":false,"template":"","format":"standard","meta":{"footnotes":""},"categories":[3],"tags":[],"class_list":["post-4988","post","type-post","status-publish","format-standard","has-post-thumbnail","hentry","category-lerdo"],"_links":{"self":[{"href":"https:\/\/lagumex.mx\/index\/wp-json\/wp\/v2\/posts\/4988","targetHints":{"allow":["GET"]}}],"collection":[{"href":"https:\/\/lagumex.mx\/index\/wp-json\/wp\/v2\/posts"}],"about":[{"href":"https:\/\/lagumex.mx\/index\/wp-json\/wp\/v2\/types\/post"}],"author":[{"embeddable":true,"href":"https:\/\/lagumex.mx\/index\/wp-json\/wp\/v2\/users\/1"}],"replies":[{"embeddable":true,"href":"https:\/\/lagumex.mx\/index\/wp-json\/wp\/v2\/comments?post=4988"}],"version-history":[{"count":1,"href":"https:\/\/lagumex.mx\/index\/wp-json\/wp\/v2\/posts\/4988\/revisions"}],"predecessor-version":[{"id":4990,"href":"https:\/\/lagumex.mx\/index\/wp-json\/wp\/v2\/posts\/4988\/revisions\/4990"}],"wp:featuredmedia":[{"embeddable":true,"href":"https:\/\/lagumex.mx\/index\/wp-json\/wp\/v2\/media\/4989"}],"wp:attachment":[{"href":"https:\/\/lagumex.mx\/index\/wp-json\/wp\/v2\/media?parent=4988"}],"wp:term":[{"taxonomy":"category","embeddable":true,"href":"https:\/\/lagumex.mx\/index\/wp-json\/wp\/v2\/categories?post=4988"},{"taxonomy":"post_tag","embeddable":true,"href":"https:\/\/lagumex.mx\/index\/wp-json\/wp\/v2\/tags?post=4988"}],"curies":[{"name":"wp","href":"https:\/\/api.w.org\/{rel}","templated":true}]}}