{"id":4986,"date":"2026-08-06T18:57:13","date_gmt":"2026-08-06T18:57:13","guid":{"rendered":"https:\/\/lagumex.mx\/index\/?p=4986"},"modified":"2026-08-07T18:59:33","modified_gmt":"2026-08-07T18:59:33","slug":"lerdo-permitira-transito-de-taxis-pero-no-carga-de-pasaje-foraneo","status":"publish","type":"post","link":"https:\/\/lagumex.mx\/index\/lerdo\/lerdo-permitira-transito-de-taxis-pero-no-carga-de-pasaje-foraneo\/","title":{"rendered":"Lerdo permitir\u00e1 tr\u00e1nsito de taxis, pero no carga de pasaje for\u00e1neo"},"content":{"rendered":"\n<p><strong>\u200bLerdo, 06 de agosto de 2026.-\u00a0<\/strong> <strong>Tras concluir la reuni\u00f3n de la Mesa de Seguridad Metropolitana, la alcaldesa de Lerdo, Susy Torrecillas, habl\u00f3 sobre los acuerdos alcanzados entre las autoridades municipales, el Gobierno del Estado y el Mando Especial de La Laguna para regularizar el servicio de transporte p\u00fablico, espec\u00edficamente en la modalidad de taxis, y reforzar la seguridad en los l\u00edmites entre Durango y Coahuila.<\/strong> La alcaldesa confirm\u00f3 es que la idea es no frenar el flujo de unidades pero no se podr\u00e1 cargar pasaje siendo de diferentes estado.<\/p>\n\n\n\n<blockquote class=\"wp-block-quote is-layout-flow wp-block-quote-is-layout-flow\">\n<p>\u00abEstuvimos viendo los pros y los contras del tema de la movilidad referente exclusivamente a los taxis&#8230; Hay una disposici\u00f3n de los cuatro alcaldes para que puedan los taxis entrar y salir de manera permanente; estaremos viendo ciertas condiciones f\u00edsicas porque hay muchas entradas y salidas\u00bb, dijo.<\/p>\n<\/blockquote>\n\n\n\n<p>\u200bEn cuanto al ascenso y descenso de pasajeros en municipios ajenos a la concesi\u00f3n del chofer, Torrecillas delimit\u00f3 la postura asumida en defensa de los choferes locales. Respecto a los integrantes de este encuentro de coordinaci\u00f3n interinstitucional, la presidenta municipal destac\u00f3 la presencia y disposici\u00f3n de los alcaldes de la zona conurbada.<\/p>\n","protected":false},"excerpt":{"rendered":"<p>\u200bLerdo, 06 de agosto de 2026.-\u00a0 Tras concluir la reuni\u00f3n de la Mesa de Seguridad Metropolitana, la alcaldesa de Lerdo, Susy Torrecillas, habl\u00f3 sobre los acuerdos alcanzados entre las autoridades municipales, el Gobierno del Estado y el Mando Especial de La Laguna para regularizar el servicio de transporte p\u00fablico, espec\u00edficamente en la modalidad de taxis,&#8230;<\/p>\n","protected":false},"author":1,"featured_media":0,"comment_status":"open","ping_status":"open","sticky":false,"template":"","format":"standard","meta":{"footnotes":""},"categories":[3],"tags":[],"class_list":["post-4986","post","type-post","status-publish","format-standard","hentry","category-lerdo"],"_links":{"self":[{"href":"https:\/\/lagumex.mx\/index\/wp-json\/wp\/v2\/posts\/4986","targetHints":{"allow":["GET"]}}],"collection":[{"href":"https:\/\/lagumex.mx\/index\/wp-json\/wp\/v2\/posts"}],"about":[{"href":"https:\/\/lagumex.mx\/index\/wp-json\/wp\/v2\/types\/post"}],"author":[{"embeddable":true,"href":"https:\/\/lagumex.mx\/index\/wp-json\/wp\/v2\/users\/1"}],"replies":[{"embeddable":true,"href":"https:\/\/lagumex.mx\/index\/wp-json\/wp\/v2\/comments?post=4986"}],"version-history":[{"count":1,"href":"https:\/\/lagumex.mx\/index\/wp-json\/wp\/v2\/posts\/4986\/revisions"}],"predecessor-version":[{"id":4987,"href":"https:\/\/lagumex.mx\/index\/wp-json\/wp\/v2\/posts\/4986\/revisions\/4987"}],"wp:attachment":[{"href":"https:\/\/lagumex.mx\/index\/wp-json\/wp\/v2\/media?parent=4986"}],"wp:term":[{"taxonomy":"category","embeddable":true,"href":"https:\/\/lagumex.mx\/index\/wp-json\/wp\/v2\/categories?post=4986"},{"taxonomy":"post_tag","embeddable":true,"href":"https:\/\/lagumex.mx\/index\/wp-json\/wp\/v2\/tags?post=4986"}],"curies":[{"name":"wp","href":"https:\/\/api.w.org\/{rel}","templated":true}]}}