{"id":4965,"date":"2026-07-29T15:39:00","date_gmt":"2026-07-29T15:39:00","guid":{"rendered":"https:\/\/lagumex.mx\/index\/?p=4965"},"modified":"2026-08-03T15:41:22","modified_gmt":"2026-08-03T15:41:22","slug":"avanza-obra-del-boulevard-miguel-aleman-en-lerdo","status":"publish","type":"post","link":"https:\/\/lagumex.mx\/index\/lerdo\/avanza-obra-del-boulevard-miguel-aleman-en-lerdo\/","title":{"rendered":"Avanza obra del Boulevard Miguel Alem\u00e1n en Lerdo"},"content":{"rendered":"\n<p>29 de julio de 2026.- <strong>La Direcci\u00f3n de Obras P\u00fablicas de Lerdo<\/strong>\u00a0contin\u00faa con los trabajos de pavimentaci\u00f3n sobre el\u00a0<strong>Boulevard Miguel Alem\u00e1n<\/strong>, una de las vialidades con mayor afluencia vehicular del municipio, como parte del programa permanente de mejoramiento de la infraestructura urbana. Esta obra est\u00e1 destinada a mejorar la movilidad y brindar mayor seguridad a quienes diariamente transitan por esta importante arteria vial. <strong>El director de Obras P\u00fablicas, Daniel Salazar Gallegos<\/strong>, inform\u00f3 que la obra avanza sin contratiempos y que las acciones forman parte de una estrategia integral para fortalecer la infraestructura del municipio y destac\u00f3 que, de manera paralela, se ejecutan diversas obras en otros sectores de Lerdo. Asimismo, indic\u00f3 que actualmente se trabaja en la rehabilitaci\u00f3n de espacios p\u00fablicos como el\u00a0<strong>Parque Victoria y el Parque Forestal Lerdo<\/strong>, con el objetivo de cumplir las metas establecidas rumbo al cierre del primer a\u00f1o de la administraci\u00f3n que encabeza la presidenta municipal,\u00a0<strong>Susy Carolina Torrecillas Salazar.<\/strong> Personal de la\u00a0<strong>Direcci\u00f3n de Obras P\u00fablicas<\/strong>\u00a0mantiene la supervisi\u00f3n permanente de estas labores para garantizar que los trabajos se desarrollen conforme a las especificaciones t\u00e9cnicas y con la calidad requerida, a fin de cumplir con los objetivos de este importante proyecto para el cual previamente la alcaldesa, Susy Torrecillas, detall\u00f3 que la obra abarca una superficie de 13 mil metros cuadrados de revestimiento asf\u00e1ltico en ambos sentidos del Bulevar.<\/p>\n\n\n\n<p>Los trabajos contemplan la recuperaci\u00f3n de la base existente con un espesor de 20 cent\u00edmetros, retiro de material para mejorar la base hidr\u00e1ulica, riego de liga y la colocaci\u00f3n de una carpeta asf\u00e1ltica de aproximadamente 4 cent\u00edmetros de espesor compacto.<\/p>\n","protected":false},"excerpt":{"rendered":"<p>29 de julio de 2026.- La Direcci\u00f3n de Obras P\u00fablicas de Lerdo\u00a0contin\u00faa con los trabajos de pavimentaci\u00f3n sobre el\u00a0Boulevard Miguel Alem\u00e1n, una de las vialidades con mayor afluencia vehicular del municipio, como parte del programa permanente de mejoramiento de la infraestructura urbana. Esta obra est\u00e1 destinada a mejorar la movilidad y brindar mayor seguridad a&#8230;<\/p>\n","protected":false},"author":1,"featured_media":4967,"comment_status":"open","ping_status":"open","sticky":false,"template":"","format":"standard","meta":{"footnotes":""},"categories":[3],"tags":[],"class_list":["post-4965","post","type-post","status-publish","format-standard","has-post-thumbnail","hentry","category-lerdo"],"_links":{"self":[{"href":"https:\/\/lagumex.mx\/index\/wp-json\/wp\/v2\/posts\/4965","targetHints":{"allow":["GET"]}}],"collection":[{"href":"https:\/\/lagumex.mx\/index\/wp-json\/wp\/v2\/posts"}],"about":[{"href":"https:\/\/lagumex.mx\/index\/wp-json\/wp\/v2\/types\/post"}],"author":[{"embeddable":true,"href":"https:\/\/lagumex.mx\/index\/wp-json\/wp\/v2\/users\/1"}],"replies":[{"embeddable":true,"href":"https:\/\/lagumex.mx\/index\/wp-json\/wp\/v2\/comments?post=4965"}],"version-history":[{"count":1,"href":"https:\/\/lagumex.mx\/index\/wp-json\/wp\/v2\/posts\/4965\/revisions"}],"predecessor-version":[{"id":4968,"href":"https:\/\/lagumex.mx\/index\/wp-json\/wp\/v2\/posts\/4965\/revisions\/4968"}],"wp:featuredmedia":[{"embeddable":true,"href":"https:\/\/lagumex.mx\/index\/wp-json\/wp\/v2\/media\/4967"}],"wp:attachment":[{"href":"https:\/\/lagumex.mx\/index\/wp-json\/wp\/v2\/media?parent=4965"}],"wp:term":[{"taxonomy":"category","embeddable":true,"href":"https:\/\/lagumex.mx\/index\/wp-json\/wp\/v2\/categories?post=4965"},{"taxonomy":"post_tag","embeddable":true,"href":"https:\/\/lagumex.mx\/index\/wp-json\/wp\/v2\/tags?post=4965"}],"curies":[{"name":"wp","href":"https:\/\/api.w.org\/{rel}","templated":true}]}}