{"id":4960,"date":"2026-07-31T03:32:00","date_gmt":"2026-07-31T03:32:00","guid":{"rendered":"https:\/\/lagumex.mx\/index\/?p=4960"},"modified":"2026-08-03T15:35:34","modified_gmt":"2026-08-03T15:35:34","slug":"concluye-periodo-de-guardias-en-lerdo","status":"publish","type":"post","link":"https:\/\/lagumex.mx\/index\/lerdo\/concluye-periodo-de-guardias-en-lerdo\/","title":{"rendered":"Concluye periodo de guardias en Lerdo"},"content":{"rendered":"\n<p>31 de julio de 2026.- <strong>Ayer viernes concluy\u00f3 el periodo de atenci\u00f3n mediante guardias implementado en la Presidencia Municipal de Lerdo durante las \u00faltimas dos semanas, esquema que permiti\u00f3 mantener el servicio a la ciudadan\u00eda con la mitad del personal en las diferentes dependencias municipales.<\/strong> Durante este periodo vacacional, se garantiz\u00f3 la atenci\u00f3n de los ciudadanos que acudieron a realizar diferentes gestiones, solicitar informaci\u00f3n, recibir apoyos y dar seguimiento a los programas y servicios que ofrece el Gobierno Municipal. \u00c1ngel Mendoza Cebri\u00e1n, jefe del departamento de Recursos Humanos del Gobierno Municipal, se\u00f1al\u00f3 que durante estas dos semanas se mantuvo una atenci\u00f3n ordenada en las oficinas municipales, con el objetivo de no interrumpir los servicios y brindar respuesta a las necesidades de la poblaci\u00f3n durante el periodo vacacional. Indic\u00f3 que, a partir del pr\u00f3ximo lunes, las dependencias administrativas retomar\u00e1n su horario habitual de atenci\u00f3n, de 8:00 de la ma\u00f1ana a 4:00 de la tarde, por lo que la ciudadan\u00eda podr\u00e1 acudir nuevamente a realizar sus tr\u00e1mites y gestiones de manera regular.<\/p>\n","protected":false},"excerpt":{"rendered":"<p>31 de julio de 2026.- Ayer viernes concluy\u00f3 el periodo de atenci\u00f3n mediante guardias implementado en la Presidencia Municipal de Lerdo durante las \u00faltimas dos semanas, esquema que permiti\u00f3 mantener el servicio a la ciudadan\u00eda con la mitad del personal en las diferentes dependencias municipales. Durante este periodo vacacional, se garantiz\u00f3 la atenci\u00f3n de los&#8230;<\/p>\n","protected":false},"author":1,"featured_media":0,"comment_status":"open","ping_status":"open","sticky":false,"template":"","format":"standard","meta":{"footnotes":""},"categories":[3],"tags":[],"class_list":["post-4960","post","type-post","status-publish","format-standard","hentry","category-lerdo"],"_links":{"self":[{"href":"https:\/\/lagumex.mx\/index\/wp-json\/wp\/v2\/posts\/4960","targetHints":{"allow":["GET"]}}],"collection":[{"href":"https:\/\/lagumex.mx\/index\/wp-json\/wp\/v2\/posts"}],"about":[{"href":"https:\/\/lagumex.mx\/index\/wp-json\/wp\/v2\/types\/post"}],"author":[{"embeddable":true,"href":"https:\/\/lagumex.mx\/index\/wp-json\/wp\/v2\/users\/1"}],"replies":[{"embeddable":true,"href":"https:\/\/lagumex.mx\/index\/wp-json\/wp\/v2\/comments?post=4960"}],"version-history":[{"count":1,"href":"https:\/\/lagumex.mx\/index\/wp-json\/wp\/v2\/posts\/4960\/revisions"}],"predecessor-version":[{"id":4961,"href":"https:\/\/lagumex.mx\/index\/wp-json\/wp\/v2\/posts\/4960\/revisions\/4961"}],"wp:attachment":[{"href":"https:\/\/lagumex.mx\/index\/wp-json\/wp\/v2\/media?parent=4960"}],"wp:term":[{"taxonomy":"category","embeddable":true,"href":"https:\/\/lagumex.mx\/index\/wp-json\/wp\/v2\/categories?post=4960"},{"taxonomy":"post_tag","embeddable":true,"href":"https:\/\/lagumex.mx\/index\/wp-json\/wp\/v2\/tags?post=4960"}],"curies":[{"name":"wp","href":"https:\/\/api.w.org\/{rel}","templated":true}]}}