{"id":4952,"date":"2026-07-03T18:22:47","date_gmt":"2026-07-03T18:22:47","guid":{"rendered":"https:\/\/lagumex.mx\/index\/?p=4952"},"modified":"2026-07-18T18:23:46","modified_gmt":"2026-07-18T18:23:46","slug":"propone-ivan-soto-impulsar-profesiones-agroindustriales-para-fortalecer-desarrollo-de-durango","status":"publish","type":"post","link":"https:\/\/lagumex.mx\/index\/uncategorized\/congreso-de-durango\/propone-ivan-soto-impulsar-profesiones-agroindustriales-para-fortalecer-desarrollo-de-durango\/","title":{"rendered":"Propone Iv\u00e1n Soto, impulsar profesiones agroindustriales para fortalecer desarrollo de Durango"},"content":{"rendered":"\n<p>03 de julio de 2026.- Hoy tenemos un Gobierno del Estado que genera condiciones para atraer inversi\u00f3n y un Congreso que acompa\u00f1a ese esfuerzo con iniciativas: diputado.<\/p>\n\n\n\n<p>Con el objetivo de fortalecer la formaci\u00f3n del talento local y preparar a las nuevas generaciones para responder a las nuevas oportunidades de inversi\u00f3n que llegan a la entidad, el diputado Iv\u00e1n Soto Medina propuso reformar la Ley de Fomento Econ\u00f3mico y la Ley de Educaci\u00f3n del Estado, a fin de impulsar las profesiones agroindustriales para impulsar el desarrollo econ\u00f3mico de Durango.<\/p>\n\n\n\n<p>\u201cCuando la visi\u00f3n, la gesti\u00f3n y la legislaci\u00f3n avanzan en la misma direcci\u00f3n, los resultados comienzan a volverse realidad. Ese es el caso de Durango. Hoy tenemos un Gobierno del Estado que genera condiciones para atraer inversi\u00f3n y crear oportunidades, y un Poder Legislativo que acompa\u00f1a ese esfuerzo con iniciativas que fortalecen el desarrollo\u201d, resalt\u00f3 al realizar la ampliaci\u00f3n de motivos.<\/p>\n\n\n\n<p>En este sentido, a nombre del Grupo Parlamentario del PRI, explic\u00f3 que la propuesta busca alinear la oferta educativa con las necesidades del mercado laboral, de manera que las y los j\u00f3venes cuenten con mejores herramientas para incorporarse a empleos de calidad y contribuyan al crecimiento econ\u00f3mico del estado.<\/p>\n\n\n\n<p>\u201cTodas y todos queremos que el talento de Durango se quede en Durango. Por ello, debemos impulsar que nuestras y nuestros j\u00f3venes se preparen en las profesiones que hoy demanda el mercado laboral y que ser\u00e1n fundamentales para el desarrollo econ\u00f3mico de nuestro estado\u201d, expres\u00f3 Soto Medina.<\/p>\n\n\n\n<p>Detall\u00f3 que la reforma contempla fomentar la formaci\u00f3n profesional en \u00e1reas como ingenier\u00eda qu\u00edmica, agroindustria, agronom\u00eda, ingenier\u00eda industrial, automatizaci\u00f3n, mecatr\u00f3nica, log\u00edstica, tecnolog\u00edas de la informaci\u00f3n, energ\u00eda y otras disciplinas estrat\u00e9gicas, con el prop\u00f3sito de que las instituciones educativas fortalezcan su oferta acad\u00e9mica de acuerdo con las nuevas necesidades productivas.<\/p>\n\n\n\n<p>\u201cLo que busca esta iniciativa es que nuestras y nuestros j\u00f3venes se formen profesionalmente en \u00e1reas estrat\u00e9gicas para el desarrollo econ\u00f3mico del estado. De esa manera, al concluir sus estudios, tendr\u00e1n mayores posibilidades de incorporarse a un empleo bien remunerado sin tener que salir de Durango\u201d, puntualiz\u00f3.<\/p>\n\n\n\n<p>Consider\u00f3 que Durango atraviesa una etapa de crecimiento y consolidaci\u00f3n como destino de inversi\u00f3n, gracias a la llegada de proyectos estrat\u00e9gicos que representan oportunidades sin precedentes para la generaci\u00f3n de empleos, el fortalecimiento de las cadenas productivas y el desarrollo regional, lo que exige una visi\u00f3n de largo plazo para preparar el capital humano que demandar\u00e1n estas nuevas industrias.<\/p>\n\n\n\n<p>Como ejemplo, mencion\u00f3 la construcci\u00f3n de la planta de fertilizantes nitrogenados Fermachem en el municipio de Lerdo, proyecto que contempla una inversi\u00f3n superior a los 20 mil millones de pesos y que se perfila como uno de los desarrollos industriales m\u00e1s importantes del pa\u00eds, el cual requerir\u00e1 personal altamente capacitado en diversas especialidades t\u00e9cnicas y profesionales.<\/p>\n","protected":false},"excerpt":{"rendered":"<p>03 de julio de 2026.- Hoy tenemos un Gobierno del Estado que genera condiciones para atraer inversi\u00f3n y un Congreso que acompa\u00f1a ese esfuerzo con iniciativas: diputado. Con el objetivo de fortalecer la formaci\u00f3n del talento local y preparar a las nuevas generaciones para responder a las nuevas oportunidades de inversi\u00f3n que llegan a la&#8230;<\/p>\n","protected":false},"author":1,"featured_media":4953,"comment_status":"open","ping_status":"open","sticky":false,"template":"","format":"standard","meta":{"footnotes":""},"categories":[13],"tags":[],"class_list":["post-4952","post","type-post","status-publish","format-standard","has-post-thumbnail","hentry","category-congreso-de-durango"],"_links":{"self":[{"href":"https:\/\/lagumex.mx\/index\/wp-json\/wp\/v2\/posts\/4952","targetHints":{"allow":["GET"]}}],"collection":[{"href":"https:\/\/lagumex.mx\/index\/wp-json\/wp\/v2\/posts"}],"about":[{"href":"https:\/\/lagumex.mx\/index\/wp-json\/wp\/v2\/types\/post"}],"author":[{"embeddable":true,"href":"https:\/\/lagumex.mx\/index\/wp-json\/wp\/v2\/users\/1"}],"replies":[{"embeddable":true,"href":"https:\/\/lagumex.mx\/index\/wp-json\/wp\/v2\/comments?post=4952"}],"version-history":[{"count":1,"href":"https:\/\/lagumex.mx\/index\/wp-json\/wp\/v2\/posts\/4952\/revisions"}],"predecessor-version":[{"id":4954,"href":"https:\/\/lagumex.mx\/index\/wp-json\/wp\/v2\/posts\/4952\/revisions\/4954"}],"wp:featuredmedia":[{"embeddable":true,"href":"https:\/\/lagumex.mx\/index\/wp-json\/wp\/v2\/media\/4953"}],"wp:attachment":[{"href":"https:\/\/lagumex.mx\/index\/wp-json\/wp\/v2\/media?parent=4952"}],"wp:term":[{"taxonomy":"category","embeddable":true,"href":"https:\/\/lagumex.mx\/index\/wp-json\/wp\/v2\/categories?post=4952"},{"taxonomy":"post_tag","embeddable":true,"href":"https:\/\/lagumex.mx\/index\/wp-json\/wp\/v2\/tags?post=4952"}],"curies":[{"name":"wp","href":"https:\/\/api.w.org\/{rel}","templated":true}]}}