{"id":4943,"date":"2026-07-14T18:18:13","date_gmt":"2026-07-14T18:18:13","guid":{"rendered":"https:\/\/lagumex.mx\/index\/?p=4943"},"modified":"2026-07-18T18:19:25","modified_gmt":"2026-07-18T18:19:25","slug":"consolidan-coordinacion-federacion-durangocon-la-visita-de-la-presidenta-alanis-herrera","status":"publish","type":"post","link":"https:\/\/lagumex.mx\/index\/uncategorized\/congreso-de-durango\/consolidan-coordinacion-federacion-durangocon-la-visita-de-la-presidenta-alanis-herrera\/","title":{"rendered":"Consolidan coordinaci\u00f3n Federaci\u00f3n-Durango,con la visita de la presidenta: Alan\u00eds Herrera"},"content":{"rendered":"\n<p>14 de julio de 2026.- El presidente de la Junta de Gobierno y Coordinaci\u00f3n Pol\u00edtica, Ernesto Alan\u00eds Herrera, asegur\u00f3 que la reciente visita de la presidenta de M\u00e9xico, Claudia Sheinbaum Pardo, dejo de manifiesto la coordinaci\u00f3n institucional que se vive en Durango para avanzar en proyectos estrat\u00e9gicos, aun cuando los gobierno estatal y federal pertenecen a partidos pol\u00edticos distintos.<\/p>\n\n\n\n<p>\u201cYo destacar\u00eda mucho una expresi\u00f3n que hizo la presidenta, donde hay gobiernos que no son de los mismos partidos pol\u00edticos, pero que en Durango se pueden coordinar bien. Eso resume mucho de lo que est\u00e1 pasando en nuestro estado, donde el gobierno federal est\u00e1 presente con sus acciones y mantiene una coordinaci\u00f3n permanente con el Gobierno del Estado para atender las necesidades de los duranguenses\u201d, subray\u00f3.<\/p>\n\n\n\n<p>Ante representantes de los medios de comunicaci\u00f3n, consider\u00f3 importante la visita de la presidenta Claudia al estado de Durango; primero porque estuvo visitando la Presa El Tunal, que es muy importante para la ciudad, por lo que presencia compromete la acci\u00f3n del gobierno federal para que esta obra estrat\u00e9gica se convierta en una realidad, como lo esperan todos los duranguenses.<\/p>\n\n\n\n<p>\u201cLa pol\u00edtica nos obliga a construir coincidencias para resolver los problemas de la gente. Puede haber diferencias ideol\u00f3gicas, pero cuando se trata del bienestar de Durango debe prevalecer la unidad, la coordinaci\u00f3n y la civilidad pol\u00edtica; ese es, sin duda, uno de los mensajes m\u00e1s significativos que dej\u00f3 esta visita\u201d, puntualiz\u00f3.<\/p>\n\n\n\n<p>Asimismo, destac\u00f3 la gira realizada en G\u00f3mez Palacio, donde acompa\u00f1\u00f3 a la presidenta en el arranque de acciones del programa de vivienda social, proyecto que permitir\u00e1 brindar certeza patrimonial a cientos de familias del estado, por lo que record\u00f3 que en una primera etapa fueron entregadas m\u00e1s de 40 viviendas de un desarrollo que contempla m\u00e1s de 400, lo que representa un paso importante para atender una de las principales necesidades de la poblaci\u00f3n.<\/p>\n\n\n\n<p>\u201cLos dos motivos que se dan para la visita son relevantes, atender el agua, atender la vivienda y el impacto en lo social. Son acciones que inciden directamente en la calidad de vida de las familias y que reflejan el compromiso de los distintos niveles de gobierno con el bienestar de la poblaci\u00f3n\u201d, puntualiz\u00f3.<\/p>\n\n\n\n<p>Finalmente, Alan\u00eds Herrera record\u00f3 que desde el Congreso del Estado tambi\u00e9n se ha privilegiado el di\u00e1logo y los acuerdos institucionales, respaldando diversas reformas constitucionales impulsadas por la Federaci\u00f3n en temas de inter\u00e9s nacional.<\/p>\n","protected":false},"excerpt":{"rendered":"<p>14 de julio de 2026.- El presidente de la Junta de Gobierno y Coordinaci\u00f3n Pol\u00edtica, Ernesto Alan\u00eds Herrera, asegur\u00f3 que la reciente visita de la presidenta de M\u00e9xico, Claudia Sheinbaum Pardo, dejo de manifiesto la coordinaci\u00f3n institucional que se vive en Durango para avanzar en proyectos estrat\u00e9gicos, aun cuando los gobierno estatal y federal pertenecen&#8230;<\/p>\n","protected":false},"author":1,"featured_media":4944,"comment_status":"open","ping_status":"open","sticky":false,"template":"","format":"standard","meta":{"footnotes":""},"categories":[13],"tags":[],"class_list":["post-4943","post","type-post","status-publish","format-standard","has-post-thumbnail","hentry","category-congreso-de-durango"],"_links":{"self":[{"href":"https:\/\/lagumex.mx\/index\/wp-json\/wp\/v2\/posts\/4943","targetHints":{"allow":["GET"]}}],"collection":[{"href":"https:\/\/lagumex.mx\/index\/wp-json\/wp\/v2\/posts"}],"about":[{"href":"https:\/\/lagumex.mx\/index\/wp-json\/wp\/v2\/types\/post"}],"author":[{"embeddable":true,"href":"https:\/\/lagumex.mx\/index\/wp-json\/wp\/v2\/users\/1"}],"replies":[{"embeddable":true,"href":"https:\/\/lagumex.mx\/index\/wp-json\/wp\/v2\/comments?post=4943"}],"version-history":[{"count":1,"href":"https:\/\/lagumex.mx\/index\/wp-json\/wp\/v2\/posts\/4943\/revisions"}],"predecessor-version":[{"id":4945,"href":"https:\/\/lagumex.mx\/index\/wp-json\/wp\/v2\/posts\/4943\/revisions\/4945"}],"wp:featuredmedia":[{"embeddable":true,"href":"https:\/\/lagumex.mx\/index\/wp-json\/wp\/v2\/media\/4944"}],"wp:attachment":[{"href":"https:\/\/lagumex.mx\/index\/wp-json\/wp\/v2\/media?parent=4943"}],"wp:term":[{"taxonomy":"category","embeddable":true,"href":"https:\/\/lagumex.mx\/index\/wp-json\/wp\/v2\/categories?post=4943"},{"taxonomy":"post_tag","embeddable":true,"href":"https:\/\/lagumex.mx\/index\/wp-json\/wp\/v2\/tags?post=4943"}],"curies":[{"name":"wp","href":"https:\/\/api.w.org\/{rel}","templated":true}]}}