{"id":4940,"date":"2026-07-16T18:15:24","date_gmt":"2026-07-16T18:15:24","guid":{"rendered":"https:\/\/lagumex.mx\/index\/?p=4940"},"modified":"2026-07-18T18:17:38","modified_gmt":"2026-07-18T18:17:38","slug":"congreso-respaldara-presupuesto-para-dar-mas-resultados-a-durango-ernesto-alanis","status":"publish","type":"post","link":"https:\/\/lagumex.mx\/index\/durango\/congreso-respaldara-presupuesto-para-dar-mas-resultados-a-durango-ernesto-alanis\/","title":{"rendered":"Congreso respaldar\u00e1 presupuesto para dar m\u00e1s resultados a Durango: Ernesto Alan\u00eds"},"content":{"rendered":"\n<p>16 de julio de 2026, Pe\u00f1\u00f3n Blanco; Dgo. -. \u201cDesde el Congreso del Estado seguiremos haciendo equipo para que existan las condiciones y el presupuesto necesario que permita llevar m\u00e1s obras, programas y resultados a las familias de todo Durango\u201d, asegur\u00f3 el presidente de la Junta de Gobierno y Coordinaci\u00f3n, Ernesto Alan\u00eds Herrera.<\/p>\n\n\n\n<p>Al acompa\u00f1ar al gobernador Esteban Villegas Villarreal a la entrega de semilla de frijol y avena, as\u00ed como de luminarias, tinacos, cisternas y calentadores solares, el legislador destac\u00f3 que el trabajo coordinado entre los distintos \u00f3rdenes de gobierno es la mejor v\u00eda para responder a las necesidades de la poblaci\u00f3n y transformar las condiciones de las comunidades.<\/p>\n\n\n\n<p>\u201cRecorrer los municipios permite ver de cerca c\u00f3mo avanzan las cosas. En Pe\u00f1\u00f3n Blanco qued\u00f3 claro que cuando se trabaja en equipo, las cosas salen bien\u201d, afirm\u00f3.<\/p>\n\n\n\n<p>El legislador reconoci\u00f3 las acciones del Gobernador del Estado, Esteban Villegas Villarreal y el presidente municipal, El\u00edas Bustamante, al considerar que cada obra y cada apoyo representan mejores oportunidades para las familias duranguenses.<\/p>\n\n\n\n<p>\u201cSon m\u00e1s obra, m\u00e1s apoyos para las familias y un fuerte impulso al campo con la entrega de semilla para m\u00e1s de 500 productores\u201d, puntualiz\u00f3.<\/p>\n\n\n\n<p>El tambi\u00e9n legislador tambi\u00e9n constat\u00f3 el arranque ampliaci\u00f3n del pante\u00f3n municipal, obra que permitir\u00e1 incrementar la capacidad de este servicio p\u00fablico y ofrecer mejores condiciones para atender las necesidades de la poblaci\u00f3n de Pe\u00f1\u00f3n Blanco.<\/p>\n","protected":false},"excerpt":{"rendered":"<p>16 de julio de 2026, Pe\u00f1\u00f3n Blanco; Dgo. -. \u201cDesde el Congreso del Estado seguiremos haciendo equipo para que existan las condiciones y el presupuesto necesario que permita llevar m\u00e1s obras, programas y resultados a las familias de todo Durango\u201d, asegur\u00f3 el presidente de la Junta de Gobierno y Coordinaci\u00f3n, Ernesto Alan\u00eds Herrera. Al acompa\u00f1ar&#8230;<\/p>\n","protected":false},"author":1,"featured_media":4941,"comment_status":"open","ping_status":"open","sticky":false,"template":"","format":"standard","meta":{"footnotes":""},"categories":[1],"tags":[],"class_list":["post-4940","post","type-post","status-publish","format-standard","has-post-thumbnail","hentry","category-durango"],"_links":{"self":[{"href":"https:\/\/lagumex.mx\/index\/wp-json\/wp\/v2\/posts\/4940","targetHints":{"allow":["GET"]}}],"collection":[{"href":"https:\/\/lagumex.mx\/index\/wp-json\/wp\/v2\/posts"}],"about":[{"href":"https:\/\/lagumex.mx\/index\/wp-json\/wp\/v2\/types\/post"}],"author":[{"embeddable":true,"href":"https:\/\/lagumex.mx\/index\/wp-json\/wp\/v2\/users\/1"}],"replies":[{"embeddable":true,"href":"https:\/\/lagumex.mx\/index\/wp-json\/wp\/v2\/comments?post=4940"}],"version-history":[{"count":1,"href":"https:\/\/lagumex.mx\/index\/wp-json\/wp\/v2\/posts\/4940\/revisions"}],"predecessor-version":[{"id":4942,"href":"https:\/\/lagumex.mx\/index\/wp-json\/wp\/v2\/posts\/4940\/revisions\/4942"}],"wp:featuredmedia":[{"embeddable":true,"href":"https:\/\/lagumex.mx\/index\/wp-json\/wp\/v2\/media\/4941"}],"wp:attachment":[{"href":"https:\/\/lagumex.mx\/index\/wp-json\/wp\/v2\/media?parent=4940"}],"wp:term":[{"taxonomy":"category","embeddable":true,"href":"https:\/\/lagumex.mx\/index\/wp-json\/wp\/v2\/categories?post=4940"},{"taxonomy":"post_tag","embeddable":true,"href":"https:\/\/lagumex.mx\/index\/wp-json\/wp\/v2\/tags?post=4940"}],"curies":[{"name":"wp","href":"https:\/\/api.w.org\/{rel}","templated":true}]}}