{"id":4924,"date":"2026-07-17T17:56:23","date_gmt":"2026-07-17T17:56:23","guid":{"rendered":"https:\/\/lagumex.mx\/index\/?p=4924"},"modified":"2026-07-18T17:57:52","modified_gmt":"2026-07-18T17:57:52","slug":"ultimos-dias-para-el-tramite-de-liberacion-de-cartilla-militar-en-lerdo","status":"publish","type":"post","link":"https:\/\/lagumex.mx\/index\/lerdo\/ultimos-dias-para-el-tramite-de-liberacion-de-cartilla-militar-en-lerdo\/","title":{"rendered":"\u00daltimos dias para el tr\u00e1mite de liberaci\u00f3n de cartilla militar en Lerdo"},"content":{"rendered":"\n<p>17 de julio de 2026.- <strong>El Gobierno Municipal de Lerdo informa a los j\u00f3venes de la\u00a0Clase 2007\u00a0y remisos que el m\u00f3dulo de recepci\u00f3n de documentaci\u00f3n para el posterior tr\u00e1mite de liberaci\u00f3n de la Cartilla del Servicio Militar Nacional estar\u00e1 disponible \u00fanicamente el\u00a018 y 19\u00a0y el\u00a025 y 26 de julio\u00a0en la\u00a0Plaza de Armas de Ciudad Lerdo.<\/strong> Este m\u00f3dulo de la&nbsp;<strong>Secretar\u00eda de la Defensa Nacional (SEDENA)<\/strong>&nbsp;y el&nbsp;<strong>72\/o Batall\u00f3n de Infanter\u00eda<\/strong>&nbsp;se instalar\u00e1 de&nbsp;<strong>8:00 de la ma\u00f1ana a 1:00 de la tarde<\/strong>&nbsp;para la recepci\u00f3n de la pre cartilla en buenas condiciones, el acta de nacimiento, CURP, INE, comprobante de domicilio reciente y constancia o \u00faltimo certificado de estudios del interesado.<\/p>\n\n\n\n<p>Las autoridades municipales invitan a los j\u00f3venes que se encuentran en este proceso a aprovechar el servicio y acudir con la documentaci\u00f3n completa para agilizar la recepci\u00f3n de su identificaci\u00f3n militar.<\/p>\n","protected":false},"excerpt":{"rendered":"<p>17 de julio de 2026.- El Gobierno Municipal de Lerdo informa a los j\u00f3venes de la\u00a0Clase 2007\u00a0y remisos que el m\u00f3dulo de recepci\u00f3n de documentaci\u00f3n para el posterior tr\u00e1mite de liberaci\u00f3n de la Cartilla del Servicio Militar Nacional estar\u00e1 disponible \u00fanicamente el\u00a018 y 19\u00a0y el\u00a025 y 26 de julio\u00a0en la\u00a0Plaza de Armas de Ciudad Lerdo&#8230;.<\/p>\n","protected":false},"author":1,"featured_media":4925,"comment_status":"open","ping_status":"open","sticky":false,"template":"","format":"standard","meta":{"footnotes":""},"categories":[3],"tags":[],"class_list":["post-4924","post","type-post","status-publish","format-standard","has-post-thumbnail","hentry","category-lerdo"],"_links":{"self":[{"href":"https:\/\/lagumex.mx\/index\/wp-json\/wp\/v2\/posts\/4924","targetHints":{"allow":["GET"]}}],"collection":[{"href":"https:\/\/lagumex.mx\/index\/wp-json\/wp\/v2\/posts"}],"about":[{"href":"https:\/\/lagumex.mx\/index\/wp-json\/wp\/v2\/types\/post"}],"author":[{"embeddable":true,"href":"https:\/\/lagumex.mx\/index\/wp-json\/wp\/v2\/users\/1"}],"replies":[{"embeddable":true,"href":"https:\/\/lagumex.mx\/index\/wp-json\/wp\/v2\/comments?post=4924"}],"version-history":[{"count":1,"href":"https:\/\/lagumex.mx\/index\/wp-json\/wp\/v2\/posts\/4924\/revisions"}],"predecessor-version":[{"id":4926,"href":"https:\/\/lagumex.mx\/index\/wp-json\/wp\/v2\/posts\/4924\/revisions\/4926"}],"wp:featuredmedia":[{"embeddable":true,"href":"https:\/\/lagumex.mx\/index\/wp-json\/wp\/v2\/media\/4925"}],"wp:attachment":[{"href":"https:\/\/lagumex.mx\/index\/wp-json\/wp\/v2\/media?parent=4924"}],"wp:term":[{"taxonomy":"category","embeddable":true,"href":"https:\/\/lagumex.mx\/index\/wp-json\/wp\/v2\/categories?post=4924"},{"taxonomy":"post_tag","embeddable":true,"href":"https:\/\/lagumex.mx\/index\/wp-json\/wp\/v2\/tags?post=4924"}],"curies":[{"name":"wp","href":"https:\/\/api.w.org\/{rel}","templated":true}]}}