{"id":4917,"date":"2026-07-03T02:58:41","date_gmt":"2026-07-03T02:58:41","guid":{"rendered":"https:\/\/lagumex.mx\/index\/?p=4917"},"modified":"2026-07-04T02:59:37","modified_gmt":"2026-07-04T02:59:37","slug":"alzaremos-la-voz-por-la-laguna-en-el-congreso-de-la-union-alejandro-mata","status":"publish","type":"post","link":"https:\/\/lagumex.mx\/index\/uncategorized\/congreso-de-durango\/alzaremos-la-voz-por-la-laguna-en-el-congreso-de-la-union-alejandro-mata\/","title":{"rendered":"Alzaremos la voz por La Laguna en el Congreso de la Uni\u00f3n: Alejandro Mata"},"content":{"rendered":"\n<p>03 de julio de 2026.- Con el prop\u00f3sito de fortalecer la planeaci\u00f3n, coordinaci\u00f3n y desarrollo de las zonas metropolitanas de Durango y Coahuila, el diputado Alejandro Mata Valadez, anunci\u00f3 que presentar\u00e1 la propuesta para crear un Consejo Metropolitano Interestatal durante la mesa interparlamentaria que se realizar\u00e1 el pr\u00f3ximo 5 de agosto en la C\u00e1mara de Diputados, en San L\u00e1zaro.<\/p>\n\n\n\n<p>\u201cVamos a levantar la voz como laguneros y como duranguenses. Queremos llevar iniciativas de avanzada que respondan a las caracter\u00edsticas \u00fanicas de nuestra regi\u00f3n, donde compartimos una misma zona metropolitana entre dos estados. Es una oportunidad para que Durango tenga un papel relevante en la construcci\u00f3n de pol\u00edticas p\u00fablicas nacionales\u201d, expres\u00f3 Mata Valadez.<\/p>\n\n\n\n<p>El presidente de la Comisi\u00f3n de Asuntos Metropolitanos e Interestatales en el Congreso local, inform\u00f3 que el encuentro reunir\u00e1 a quienes presiden las comisiones de asuntos metropolitanos de los congresos estatales para analizar el futuro de las zonas metropolitanas del pa\u00eds, por lo que extendi\u00f3 la invitaci\u00f3n a las y los diputados locales de Durango para que se sumen a los trabajos y contribuyan con propuestas que fortalezcan el marco jur\u00eddico nacional en esta materia.<\/p>\n\n\n\n<p>Record\u00f3 que el pasado 26 de marzo se realiz\u00f3 un foro metropolitano en la Comarca Lagunera, donde participaron representantes de c\u00e1maras empresariales, instituciones acad\u00e9micas, colectivos ciudadanos, autoridades municipales de Durango y Coahuila, as\u00ed como funcionarios federales, quienes aportaron propuestas para atender los principales retos de la regi\u00f3n.<\/p>\n\n\n\n<p>Destac\u00f3 adem\u00e1s el respaldo de la coordinadora del Grupo Parlamentario de Morena, Sandra Amaya, as\u00ed como del presidente de la Junta de Gobierno y Coordinaci\u00f3n Pol\u00edtica, Ernesto Alan\u00eds Herrera, para la realizaci\u00f3n de ese ejercicio de di\u00e1logo.<\/p>\n\n\n\n<p>\u201cLo que buscamos es que exista un lineamiento nacional que permita una verdadera planeaci\u00f3n metropolitana, con mecanismos de evaluaci\u00f3n, seguimiento y acciones vinculantes, incluso en materia presupuestal. Queremos un consejo con capacidad de gesti\u00f3n que impulse los proyectos estrat\u00e9gicos de la regi\u00f3n y fortalezca el desarrollo de La Laguna\u201d, puntualiz\u00f3.<\/p>\n\n\n\n<p>Finalmente, reiter\u00f3 que antes de la reuni\u00f3n nacional se realizar\u00e1 un encuentro de trabajo con la Comisi\u00f3n de Asuntos Metropolitanos e Interestatales para integrar y fortalecer las propuestas que presentar\u00e1 la delegaci\u00f3n duranguense, para que todas las voces sean escuchadas y contribuir a modificar el marco jur\u00eddico nacional y fortalecer el desarrollo de la regi\u00f3n lagunera.<\/p>\n","protected":false},"excerpt":{"rendered":"<p>03 de julio de 2026.- Con el prop\u00f3sito de fortalecer la planeaci\u00f3n, coordinaci\u00f3n y desarrollo de las zonas metropolitanas de Durango y Coahuila, el diputado Alejandro Mata Valadez, anunci\u00f3 que presentar\u00e1 la propuesta para crear un Consejo Metropolitano Interestatal durante la mesa interparlamentaria que se realizar\u00e1 el pr\u00f3ximo 5 de agosto en la C\u00e1mara de&#8230;<\/p>\n","protected":false},"author":1,"featured_media":4918,"comment_status":"open","ping_status":"open","sticky":false,"template":"","format":"standard","meta":{"footnotes":""},"categories":[13],"tags":[],"class_list":["post-4917","post","type-post","status-publish","format-standard","has-post-thumbnail","hentry","category-congreso-de-durango"],"_links":{"self":[{"href":"https:\/\/lagumex.mx\/index\/wp-json\/wp\/v2\/posts\/4917","targetHints":{"allow":["GET"]}}],"collection":[{"href":"https:\/\/lagumex.mx\/index\/wp-json\/wp\/v2\/posts"}],"about":[{"href":"https:\/\/lagumex.mx\/index\/wp-json\/wp\/v2\/types\/post"}],"author":[{"embeddable":true,"href":"https:\/\/lagumex.mx\/index\/wp-json\/wp\/v2\/users\/1"}],"replies":[{"embeddable":true,"href":"https:\/\/lagumex.mx\/index\/wp-json\/wp\/v2\/comments?post=4917"}],"version-history":[{"count":1,"href":"https:\/\/lagumex.mx\/index\/wp-json\/wp\/v2\/posts\/4917\/revisions"}],"predecessor-version":[{"id":4919,"href":"https:\/\/lagumex.mx\/index\/wp-json\/wp\/v2\/posts\/4917\/revisions\/4919"}],"wp:featuredmedia":[{"embeddable":true,"href":"https:\/\/lagumex.mx\/index\/wp-json\/wp\/v2\/media\/4918"}],"wp:attachment":[{"href":"https:\/\/lagumex.mx\/index\/wp-json\/wp\/v2\/media?parent=4917"}],"wp:term":[{"taxonomy":"category","embeddable":true,"href":"https:\/\/lagumex.mx\/index\/wp-json\/wp\/v2\/categories?post=4917"},{"taxonomy":"post_tag","embeddable":true,"href":"https:\/\/lagumex.mx\/index\/wp-json\/wp\/v2\/tags?post=4917"}],"curies":[{"name":"wp","href":"https:\/\/api.w.org\/{rel}","templated":true}]}}