{"id":4914,"date":"2026-07-03T02:56:19","date_gmt":"2026-07-03T02:56:19","guid":{"rendered":"https:\/\/lagumex.mx\/index\/?p=4914"},"modified":"2026-07-04T02:57:35","modified_gmt":"2026-07-04T02:57:35","slug":"riquelme-le-entiende-muy-bien-al-tema-de-seguridad-alcaldesa-de-lerdo-tras-toma-de-protesta","status":"publish","type":"post","link":"https:\/\/lagumex.mx\/index\/lerdo\/riquelme-le-entiende-muy-bien-al-tema-de-seguridad-alcaldesa-de-lerdo-tras-toma-de-protesta\/","title":{"rendered":"Riquelme &#8216;le entiende muy bien al tema de seguridad&#8217;,  alcaldesa de Lerdo tras toma de protesta"},"content":{"rendered":"\n<p>03 de julio de 2026.- <strong>La alcaldesa de Lerdo, Susy Carolina Torrecillas Salazar dijo que la designaci\u00f3n de Miguel \u00c1ngel Riquelme Sol\u00eds como presidente municipal de Torre\u00f3n fue una atinada decisi\u00f3n del Congreso del Estado de Coahuila, pues es un hombre con amplia experiencia en la pol\u00edtica y que le entiende muy bien al tema de la seguridad p\u00fablica.<\/strong> Asegur\u00f3 que tiene una gran coordinaci\u00f3n y relaci\u00f3n con su hom\u00f3logo de extracci\u00f3n priista, adem\u00e1s de que hay respeto y asesor\u00eda. \u201cY bueno pues hoy es un hombre que llega tambi\u00e9n a marcar la continuidad de las obras importantes que estaba haciendo nuestro presidente (fallecido Rom\u00e1n Alberto Cepeda Gonz\u00e1lez) y pues acompa\u00f1ado de su familia, del equipo de la administraci\u00f3n actual y de la se\u00f1ora Selina (Bremer Breed\u00e9, presidenta honoraria del DIF Torre\u00f3n), pues vamos a seguir haciendo un equipo importante, ahora s\u00ed de Torre\u00f3n a Lerdo\u201d, expres\u00f3. Torrecillas Salazar, insisti\u00f3 en que habr\u00e1 coordinaci\u00f3n con Riquelme Sol\u00eds pues ambos municipios cuentan con zonas de colindancia geogr\u00e1fica, principalmente por el lado de Nazareno, El Huarache y La Uni\u00f3n.<\/p>\n","protected":false},"excerpt":{"rendered":"<p>03 de julio de 2026.- La alcaldesa de Lerdo, Susy Carolina Torrecillas Salazar dijo que la designaci\u00f3n de Miguel \u00c1ngel Riquelme Sol\u00eds como presidente municipal de Torre\u00f3n fue una atinada decisi\u00f3n del Congreso del Estado de Coahuila, pues es un hombre con amplia experiencia en la pol\u00edtica y que le entiende muy bien al tema&#8230;<\/p>\n","protected":false},"author":1,"featured_media":4915,"comment_status":"open","ping_status":"open","sticky":false,"template":"","format":"standard","meta":{"footnotes":""},"categories":[3],"tags":[],"class_list":["post-4914","post","type-post","status-publish","format-standard","has-post-thumbnail","hentry","category-lerdo"],"_links":{"self":[{"href":"https:\/\/lagumex.mx\/index\/wp-json\/wp\/v2\/posts\/4914","targetHints":{"allow":["GET"]}}],"collection":[{"href":"https:\/\/lagumex.mx\/index\/wp-json\/wp\/v2\/posts"}],"about":[{"href":"https:\/\/lagumex.mx\/index\/wp-json\/wp\/v2\/types\/post"}],"author":[{"embeddable":true,"href":"https:\/\/lagumex.mx\/index\/wp-json\/wp\/v2\/users\/1"}],"replies":[{"embeddable":true,"href":"https:\/\/lagumex.mx\/index\/wp-json\/wp\/v2\/comments?post=4914"}],"version-history":[{"count":1,"href":"https:\/\/lagumex.mx\/index\/wp-json\/wp\/v2\/posts\/4914\/revisions"}],"predecessor-version":[{"id":4916,"href":"https:\/\/lagumex.mx\/index\/wp-json\/wp\/v2\/posts\/4914\/revisions\/4916"}],"wp:featuredmedia":[{"embeddable":true,"href":"https:\/\/lagumex.mx\/index\/wp-json\/wp\/v2\/media\/4915"}],"wp:attachment":[{"href":"https:\/\/lagumex.mx\/index\/wp-json\/wp\/v2\/media?parent=4914"}],"wp:term":[{"taxonomy":"category","embeddable":true,"href":"https:\/\/lagumex.mx\/index\/wp-json\/wp\/v2\/categories?post=4914"},{"taxonomy":"post_tag","embeddable":true,"href":"https:\/\/lagumex.mx\/index\/wp-json\/wp\/v2\/tags?post=4914"}],"curies":[{"name":"wp","href":"https:\/\/api.w.org\/{rel}","templated":true}]}}