{"id":4911,"date":"2026-07-04T02:55:42","date_gmt":"2026-07-04T02:55:42","guid":{"rendered":"https:\/\/lagumex.mx\/index\/?p=4911"},"modified":"2026-07-04T02:55:42","modified_gmt":"2026-07-04T02:55:42","slug":"regidores-aprueban-desincorporacion-de-64-unidades-del-patrimonio-municipal-de-lerdo","status":"publish","type":"post","link":"https:\/\/lagumex.mx\/index\/lerdo\/regidores-aprueban-desincorporacion-de-64-unidades-del-patrimonio-municipal-de-lerdo\/","title":{"rendered":"Regidores aprueban desincorporaci\u00f3n de 64 unidades del patrimonio municipal de Lerdo"},"content":{"rendered":"\n<p>02 de julio de 2026.- <strong>En la sesi\u00f3n ordinaria n\u00famero 38, el Cabildo de Lerdo aprob\u00f3 por unanimidad la desincorporaci\u00f3n del patrimonio municipal de 64 unidades de equipo de transporte adscritas a diversas \u00e1reas administrativas del Ayuntamiento, las cuales fueron dados de baja del servicio p\u00fablico por no encontrarse en condiciones adecuadas para el cumplimiento de las funciones propias de la administraci\u00f3n municipal.<\/strong> Lo anterior, con fundamento en lo dispuesto por los art\u00edculos 166 y 170 de la Ley Org\u00e1nica del Municipio Libre del Estado de Durango.<\/p>\n\n\n\n<p>Este jueves, el m\u00e1ximo \u00f3rgano de autoridad en el Municipio, la&nbsp;<strong>propuesta de la alcaldesa Susy Torrecillas,<\/strong>&nbsp;mediante la cual solicit\u00f3 se de inicio al procedimiento de enajenaci\u00f3n onerosa de los bienes desincorporados del patrimonio p\u00fablico consistente en&nbsp;<strong>64 equipos de transporte<\/strong>&nbsp;adscritos a diversas \u00e1reas administrativas del Ayuntamiento.<\/p>\n\n\n\n<p>Para ello, debiendo realizar la valuaci\u00f3n correspondiente que determine el valor comercial de las unidades.<\/p>\n","protected":false},"excerpt":{"rendered":"<p>02 de julio de 2026.- En la sesi\u00f3n ordinaria n\u00famero 38, el Cabildo de Lerdo aprob\u00f3 por unanimidad la desincorporaci\u00f3n del patrimonio municipal de 64 unidades de equipo de transporte adscritas a diversas \u00e1reas administrativas del Ayuntamiento, las cuales fueron dados de baja del servicio p\u00fablico por no encontrarse en condiciones adecuadas para el cumplimiento&#8230;<\/p>\n","protected":false},"author":1,"featured_media":4912,"comment_status":"open","ping_status":"open","sticky":false,"template":"","format":"standard","meta":{"footnotes":""},"categories":[3],"tags":[],"class_list":["post-4911","post","type-post","status-publish","format-standard","has-post-thumbnail","hentry","category-lerdo"],"_links":{"self":[{"href":"https:\/\/lagumex.mx\/index\/wp-json\/wp\/v2\/posts\/4911","targetHints":{"allow":["GET"]}}],"collection":[{"href":"https:\/\/lagumex.mx\/index\/wp-json\/wp\/v2\/posts"}],"about":[{"href":"https:\/\/lagumex.mx\/index\/wp-json\/wp\/v2\/types\/post"}],"author":[{"embeddable":true,"href":"https:\/\/lagumex.mx\/index\/wp-json\/wp\/v2\/users\/1"}],"replies":[{"embeddable":true,"href":"https:\/\/lagumex.mx\/index\/wp-json\/wp\/v2\/comments?post=4911"}],"version-history":[{"count":1,"href":"https:\/\/lagumex.mx\/index\/wp-json\/wp\/v2\/posts\/4911\/revisions"}],"predecessor-version":[{"id":4913,"href":"https:\/\/lagumex.mx\/index\/wp-json\/wp\/v2\/posts\/4911\/revisions\/4913"}],"wp:featuredmedia":[{"embeddable":true,"href":"https:\/\/lagumex.mx\/index\/wp-json\/wp\/v2\/media\/4912"}],"wp:attachment":[{"href":"https:\/\/lagumex.mx\/index\/wp-json\/wp\/v2\/media?parent=4911"}],"wp:term":[{"taxonomy":"category","embeddable":true,"href":"https:\/\/lagumex.mx\/index\/wp-json\/wp\/v2\/categories?post=4911"},{"taxonomy":"post_tag","embeddable":true,"href":"https:\/\/lagumex.mx\/index\/wp-json\/wp\/v2\/tags?post=4911"}],"curies":[{"name":"wp","href":"https:\/\/api.w.org\/{rel}","templated":true}]}}