{"id":4908,"date":"2026-07-03T02:47:07","date_gmt":"2026-07-03T02:47:07","guid":{"rendered":"https:\/\/lagumex.mx\/index\/?p=4908"},"modified":"2026-07-04T02:53:51","modified_gmt":"2026-07-04T02:53:51","slug":"cabildo-de-gomez-palacio-presenta-padron-de-asociaciones-que-recibiran-apoyo-municipal","status":"publish","type":"post","link":"https:\/\/lagumex.mx\/index\/gomez-palacio\/cabildo-de-gomez-palacio-presenta-padron-de-asociaciones-que-recibiran-apoyo-municipal\/","title":{"rendered":"Cabildo de G\u00f3mez Palacio presenta padr\u00f3n de asociaciones que recibir\u00e1n apoyo municipal"},"content":{"rendered":"\n<p>03 de julio de 2026.-  <strong>Este viernes se present\u00f3 el padr\u00f3n de asociaciones civiles beneficiarias que forman parte del Programa de Apoyo para las Actividades con el Ayuntamiento de G\u00f3mez Palacio para el ejercicio fiscal 2026, una estrategia que fortalece la colaboraci\u00f3n para multiplicar los beneficios en favor de quienes m\u00e1s lo necesitan.<\/strong> Las asociaciones que participan, sin fines de lucro, realizan actividades que tienen incidencia positiva en comunidades o grupos en condiciones de pobreza o en situaci\u00f3n de vulnerabilidad dentro del Municipio.<\/p>\n\n\n\n<p>Durante la sesi\u00f3n ordinaria n\u00famero 42 celebrada este viernes, el&nbsp;<strong>secretario del Ayuntamiento, Aldo Dami\u00e1n Mac\u00edas Franco&nbsp;<\/strong>dio lectura a las asociaciones beneficiarias, algunas de ellas son:<\/p>\n\n\n\n<ul class=\"wp-block-list\">\n<li>Arte y Cultura en Movimiento de La Laguna<\/li>\n\n\n\n<li>Andamos M\u00e9xico A.C.<\/li>\n\n\n\n<li>Asistencia Social dirigida<\/li>\n\n\n\n<li>Asociaci\u00f3n Ale<\/li>\n\n\n\n<li>Casa de Bendici\u00f3n Jireh<\/li>\n\n\n\n<li>Casa de Restauraci\u00f3n El Arca<\/li>\n\n\n\n<li>Casa Misi\u00f3n de Restauraci\u00f3n Nuevo Amanecer<\/li>\n\n\n\n<li>Centro de crecimiento y desarrollo para la mujer<\/li>\n\n\n\n<li>Centro de Relajaci\u00f3n y Bienestar Cirilo Gonz\u00e1lez<\/li>\n\n\n\n<li>Centro de Salud Mental de La Laguna<\/li>\n\n\n\n<li>Centro de Innovaci\u00f3n e Investigaci\u00f3n Social y Humana<\/li>\n\n\n\n<li>Colonizaci\u00f3n filantr\u00f3pica<\/li>\n\n\n\n<li>Comunidad Asperger G\u00f3mez Palacio<\/li>\n\n\n\n<li>Conquistadores Ciudad Francisco Sarabia<\/li>\n\n\n\n<li>Dando pasos con amor<\/li>\n\n\n\n<li>Desarrollo Dorado y Milagros<\/li>\n\n\n\n<li>Dispensario Madre Teresa de Calcuta<\/li>\n\n\n\n<li>Estancia Infantil ProVida Plena<\/li>\n\n\n\n<li>Fuerza Revolucionaria Durango<\/li>\n\n\n\n<li>Fuerza Rosa Laguna<\/li>\n\n\n\n<li>A\u00fan hay mucho por ver<\/li>\n\n\n\n<li>Fundaci\u00f3n Cambiando Mentes<\/li>\n<\/ul>\n\n\n\n<p>El&nbsp;<strong>Ayuntamiento<\/strong>&nbsp;inform\u00f3 que la integraci\u00f3n del padr\u00f3n fue resultado de un proceso transparente y abierto, en el que&nbsp;<mark>las asociaciones interesadas presentaron la documentaci\u00f3n correspondiente para acreditar su labor social, misma que fue evaluada conforme a los lineamientos y mecanismos previamente establecidos para el otorgamiento de los apoyos.<\/mark><\/p>\n\n\n\n<p><\/p>\n","protected":false},"excerpt":{"rendered":"<p>03 de julio de 2026.- Este viernes se present\u00f3 el padr\u00f3n de asociaciones civiles beneficiarias que forman parte del Programa de Apoyo para las Actividades con el Ayuntamiento de G\u00f3mez Palacio para el ejercicio fiscal 2026, una estrategia que fortalece la colaboraci\u00f3n para multiplicar los beneficios en favor de quienes m\u00e1s lo necesitan. Las asociaciones&#8230;<\/p>\n","protected":false},"author":1,"featured_media":4909,"comment_status":"open","ping_status":"open","sticky":false,"template":"","format":"standard","meta":{"footnotes":""},"categories":[12],"tags":[],"class_list":["post-4908","post","type-post","status-publish","format-standard","has-post-thumbnail","hentry","category-gomez-palacio"],"_links":{"self":[{"href":"https:\/\/lagumex.mx\/index\/wp-json\/wp\/v2\/posts\/4908","targetHints":{"allow":["GET"]}}],"collection":[{"href":"https:\/\/lagumex.mx\/index\/wp-json\/wp\/v2\/posts"}],"about":[{"href":"https:\/\/lagumex.mx\/index\/wp-json\/wp\/v2\/types\/post"}],"author":[{"embeddable":true,"href":"https:\/\/lagumex.mx\/index\/wp-json\/wp\/v2\/users\/1"}],"replies":[{"embeddable":true,"href":"https:\/\/lagumex.mx\/index\/wp-json\/wp\/v2\/comments?post=4908"}],"version-history":[{"count":1,"href":"https:\/\/lagumex.mx\/index\/wp-json\/wp\/v2\/posts\/4908\/revisions"}],"predecessor-version":[{"id":4910,"href":"https:\/\/lagumex.mx\/index\/wp-json\/wp\/v2\/posts\/4908\/revisions\/4910"}],"wp:featuredmedia":[{"embeddable":true,"href":"https:\/\/lagumex.mx\/index\/wp-json\/wp\/v2\/media\/4909"}],"wp:attachment":[{"href":"https:\/\/lagumex.mx\/index\/wp-json\/wp\/v2\/media?parent=4908"}],"wp:term":[{"taxonomy":"category","embeddable":true,"href":"https:\/\/lagumex.mx\/index\/wp-json\/wp\/v2\/categories?post=4908"},{"taxonomy":"post_tag","embeddable":true,"href":"https:\/\/lagumex.mx\/index\/wp-json\/wp\/v2\/tags?post=4908"}],"curies":[{"name":"wp","href":"https:\/\/api.w.org\/{rel}","templated":true}]}}