{"id":4905,"date":"2026-07-03T02:43:12","date_gmt":"2026-07-03T02:43:12","guid":{"rendered":"https:\/\/lagumex.mx\/index\/?p=4905"},"modified":"2026-07-04T02:45:36","modified_gmt":"2026-07-04T02:45:36","slug":"detonan-programas-por-50-millones-de-pesos-para-personas-con-discapacidad","status":"publish","type":"post","link":"https:\/\/lagumex.mx\/index\/uncategorized\/uac\/uac-uac\/coahuila-coahuila\/detonan-programas-por-50-millones-de-pesos-para-personas-con-discapacidad\/","title":{"rendered":"Detonan programas por 50 millones de pesos para personas con discapacidad"},"content":{"rendered":"\n<p>03 de julio de 2026.- Entregan becas \u00abVeamos la Discapacidad\u00bb por 10 mil pesos a cada beneficiario y 46 nuevas unidades UNEDIF para todas las regiones del estado<\/p>\n\n\n\n<p>El gobernador Manolo Jim\u00e9nez Salinas y la presidenta honoraria del DIF Coahuila, Liliana Salinas Vald\u00e9s, encabezaron la entrega de apoyos econ\u00f3micos del programa \u00abVeamos la Discapacidad\u00bb y de unidades especializadas UNEDIF, como parte de la estrategia integral del Gobierno del Estado para fortalecer la inclusi\u00f3n, la movilidad y la calidad de vida de las personas con discapacidad.<\/p>\n\n\n\n<p>\u00abJunto con mi mam\u00e1 Liliana Salinas, presidenta del DIF Coahuila; nuestros amigos alcaldes y alcaldesas y el gran equipo de Mejora Coahuila, pusimos en marcha dos grandes programas para fortalecer la inclusi\u00f3n y apoyar a nuestra gente con discapacidad. Con Veamos la Discapacidad estaremos entregando apoyos econ\u00f3micos de 300 millones de pesos para construir un Coahuila con m\u00e1s oportunidades para todas y todos\u00bb, destac\u00f3 el gobernador.<\/p>\n\n\n\n<p>En su mensaje, Manolo Jim\u00e9nez se\u00f1al\u00f3 que este programa representa el cumplimiento de un compromiso con las familias coahuilenses y anunci\u00f3 que, adem\u00e1s de los apoyos econ\u00f3micos, se fortalecer\u00e1 el servicio de transporte con nuevas unidades UNEDIF para facilitar el traslado de las personas con discapacidad.<\/p>\n\n\n\n<p>Explic\u00f3 que el programa otorgar\u00e1 un apoyo anual de 10 mil pesos por beneficiario, mediante una tarjeta bancaria que, en esta primera entrega, ya cuenta con el dep\u00f3sito correspondiente al primer semestre del a\u00f1o, equivalente a cinco mil pesos.<\/p>\n\n\n\n<p>El mandatario estatal se\u00f1al\u00f3 que estos recursos contribuir\u00e1n a cubrir gastos relacionados con terapias, tratamientos y otras necesidades que permitan mejorar la calidad de vida de las personas beneficiarias y de sus familias.<\/p>\n\n\n\n<p>Asimismo, anunci\u00f3 que durante las pr\u00f3ximas semanas se entregar\u00e1n 46 nuevas unidades UNEDIF en todas las regiones del estado. Estos veh\u00edculos adaptados facilitar\u00e1n el traslado seguro de personas con discapacidad a centros de rehabilitaci\u00f3n, hospitales y otros servicios esenciales.<\/p>\n\n\n\n<p>Manolo Jim\u00e9nez record\u00f3 que estas acciones forman parte de una bolsa cercana a los 300 millones de pesos destinada a obras, programas y apoyos para personas con discapacidad, recursos que se ejercer\u00e1n de manera gradual durante su administraci\u00f3n.<\/p>\n\n\n\n<p>Destac\u00f3 que la construcci\u00f3n de una mejor calidad de vida tambi\u00e9n requiere fortalecer el desarrollo econ\u00f3mico, la generaci\u00f3n de empleos, los servicios de salud, la educaci\u00f3n y la seguridad, factores que, dijo, han colocado a Coahuila entre los mejores estados del pa\u00eds para vivir.<\/p>\n\n\n\n<p>Finalmente, reiter\u00f3 que su administraci\u00f3n continuar\u00e1 impulsando pol\u00edticas p\u00fablicas con sentido social, en coordinaci\u00f3n con los municipios, el DIF Coahuila y la estrategia Mejora Coahuila, para seguir construyendo un estado m\u00e1s incluyente.<\/p>\n\n\n\n<p><\/p>\n","protected":false},"excerpt":{"rendered":"<p>03 de julio de 2026.- Entregan becas \u00abVeamos la Discapacidad\u00bb por 10 mil pesos a cada beneficiario y 46 nuevas unidades UNEDIF para todas las regiones del estado El gobernador Manolo Jim\u00e9nez Salinas y la presidenta honoraria del DIF Coahuila, Liliana Salinas Vald\u00e9s, encabezaron la entrega de apoyos econ\u00f3micos del programa \u00abVeamos la Discapacidad\u00bb y&#8230;<\/p>\n","protected":false},"author":1,"featured_media":4906,"comment_status":"open","ping_status":"open","sticky":false,"template":"","format":"standard","meta":{"footnotes":""},"categories":[2],"tags":[],"class_list":["post-4905","post","type-post","status-publish","format-standard","has-post-thumbnail","hentry","category-coahuila-coahuila"],"_links":{"self":[{"href":"https:\/\/lagumex.mx\/index\/wp-json\/wp\/v2\/posts\/4905","targetHints":{"allow":["GET"]}}],"collection":[{"href":"https:\/\/lagumex.mx\/index\/wp-json\/wp\/v2\/posts"}],"about":[{"href":"https:\/\/lagumex.mx\/index\/wp-json\/wp\/v2\/types\/post"}],"author":[{"embeddable":true,"href":"https:\/\/lagumex.mx\/index\/wp-json\/wp\/v2\/users\/1"}],"replies":[{"embeddable":true,"href":"https:\/\/lagumex.mx\/index\/wp-json\/wp\/v2\/comments?post=4905"}],"version-history":[{"count":1,"href":"https:\/\/lagumex.mx\/index\/wp-json\/wp\/v2\/posts\/4905\/revisions"}],"predecessor-version":[{"id":4907,"href":"https:\/\/lagumex.mx\/index\/wp-json\/wp\/v2\/posts\/4905\/revisions\/4907"}],"wp:featuredmedia":[{"embeddable":true,"href":"https:\/\/lagumex.mx\/index\/wp-json\/wp\/v2\/media\/4906"}],"wp:attachment":[{"href":"https:\/\/lagumex.mx\/index\/wp-json\/wp\/v2\/media?parent=4905"}],"wp:term":[{"taxonomy":"category","embeddable":true,"href":"https:\/\/lagumex.mx\/index\/wp-json\/wp\/v2\/categories?post=4905"},{"taxonomy":"post_tag","embeddable":true,"href":"https:\/\/lagumex.mx\/index\/wp-json\/wp\/v2\/tags?post=4905"}],"curies":[{"name":"wp","href":"https:\/\/api.w.org\/{rel}","templated":true}]}}