{"id":4902,"date":"2026-07-02T02:39:33","date_gmt":"2026-07-02T02:39:33","guid":{"rendered":"https:\/\/lagumex.mx\/index\/?p=4902"},"modified":"2026-07-04T02:42:28","modified_gmt":"2026-07-04T02:42:28","slug":"en-equipo-con-riquelme-vamos-por-mas-seguridad-y-mejores-servicios-para-torreon-manolo","status":"publish","type":"post","link":"https:\/\/lagumex.mx\/index\/uncategorized\/uac\/uac-uac\/coahuila-coahuila\/en-equipo-con-riquelme-vamos-por-mas-seguridad-y-mejores-servicios-para-torreon-manolo\/","title":{"rendered":"En equipo con Riquelme vamos por m\u00e1s seguridad y mejores servicios para Torre\u00f3n: Manolo"},"content":{"rendered":"\n<p>02 de julio de 2026.- El gobernador Manolo Jim\u00e9nez Salinas acompa\u00f1\u00f3 a Miguel \u00c1ngel Riquelme Sol\u00eds en su toma de protesta como alcalde de Torre\u00f3n, ceremonia en la que ambos reiteraron continuar trabajando en equipo para seguir consolidando proyectos y programas que tengan que ver con mejorar la calidad de vida de las y los habitantes de Torre\u00f3n, de La Laguna y de Coahuila.<\/p>\n\n\n\n<p>\u00abEn Torre\u00f3n acompa\u00f1amos a nuestro amigo y gran aliado Miguel Riquelme en su toma de protesta como Presidente Municipal. Con su experiencia y compromiso, seguiremos impulsando a la Perla de La Laguna con m\u00e1s inversi\u00f3n en seguridad, desarrollo y servicios p\u00fablicos para consolidarla como una de las mejores ciudades para vivir del pa\u00eds. \u00a1El trabajo en equipo siempre da mejores resultados!\u00bb, destac\u00f3 el gobernador.<\/p>\n\n\n\n<p>Manolo Jim\u00e9nez felicit\u00f3 al alcalde Miguel \u00c1ngel Riquelme y le dese\u00f3 el mayor de los \u00e9xitos en esta gran encomienda, porque, dijo, para su Gobierno, desde su campa\u00f1a hizo un gran compromiso con Torre\u00f3n.<\/p>\n\n\n\n<p>\u201cPara nuestro gobierno es muy importante este gran municipio de Coahuila, por eso hemos venido trabajando ya desde que iniciamos el gobierno con mucha cercan\u00eda, con mucha presencia aqu\u00ed, en La Perla de La Laguna, trabajando en equipo con nuestro gran amigo Rom\u00e1n Alberto Cepeda, que en paz descanse, con quien desarrollamos muchos proyectos, muchos programas, muchas obras para bien de Torre\u00f3n\u201d, record\u00f3.<\/p>\n\n\n\n<p>Afirm\u00f3 que si bien Torre\u00f3n tiene \u00e1reas de oportunidad, si bien hay cosas que mejorar, esta ciudad es de los mejores municipios de todo M\u00e9xico, y que es algo que se ha construido entre todas y entre todos.<\/p>\n\n\n\n<p>\u201cAqu\u00ed hay una gran alianza entre la sociedad civil organizada, la iniciativa privada y los \u00f3rdenes de gobierno; todas y todos trabajando en sinton\u00eda para hacer lo mejor por Torre\u00f3n\u201d, explic\u00f3.<\/p>\n\n\n\n<p>Record\u00f3, adem\u00e1s, que con Miguel Riquelme ya ha trabajado en equipo, cuando el ahora alcalde de Torre\u00f3n era gobernador de Coahuila, y Manolo Jim\u00e9nez era alcalde de Saltillo.<\/p>\n\n\n\n<p>\u201cAhora va a ser al rev\u00e9s, pero con la misma intensidad, por el bien de esta tierra bendita\u201d, asegur\u00f3.<\/p>\n\n\n\n<p>Se\u00f1al\u00f3 que Miguel Riquelme es un hombre de resultados, es un hombre con una gran experiencia, que conoce Torre\u00f3n; pero que tambi\u00e9n conoce el gobierno municipal de Torre\u00f3n.<\/p>\n\n\n\n<p>\u201cEso nos permite que esto no se detenga, nos permite hacer un diagn\u00f3stico r\u00e1pido y, una vez que se tengan identificadas las \u00e1reas de oportunidad, ponernos a trabajar para mejorar todos los d\u00edas este gran municipio\u201d, dijo, al agregar que es un garante de estabilidad y de unidad.<\/p>\n\n\n\n<p>\u201cEstimado alcalde, cuentan con todo mi apoyo, con todo mi respaldo, no solamente de voluntad, sino tambi\u00e9n con inversiones importantes como lo hemos venido haciendo\u201d, subray\u00f3 Manolo Jim\u00e9nez.<\/p>\n\n\n\n<p>Abund\u00f3 que Miguel Riquelme tiene toda la experiencia y toda su confianza en el tema de seguridad, porque, reiter\u00f3, en el tema de seguridad ni un paso atr\u00e1s, sino por el contrario, seguir\u00e1n fortaleciendo y blindando a Torre\u00f3n, a La Laguna y a Coahuila.<\/p>\n\n\n\n<p>Manolo Jim\u00e9nez anunci\u00f3 que se har\u00e1 una inversi\u00f3n hist\u00f3rica en equipo con Miguel Riquelme por los servicios p\u00fablicos de la Perla de La Laguna.<\/p>\n\n\n\n<p>El Mandatario estatal convoc\u00f3 a todas y todos a sumar esfuerzos, ya que la f\u00f3rmula m\u00e1gica de todas las cosas buenas que le han pasado a Coahuila, es tener como punto de encuentro a Torre\u00f3n y a Coahuila.<\/p>\n\n\n\n<p>En su mensaje, Miguel \u00c1ngel Riquelme mencion\u00f3 que regresa a Torre\u00f3n para servir, para trabajar y para asumir una responsabilidad que exige di\u00e1logo y resultados.<\/p>\n\n\n\n<p><\/p>\n","protected":false},"excerpt":{"rendered":"<p>02 de julio de 2026.- El gobernador Manolo Jim\u00e9nez Salinas acompa\u00f1\u00f3 a Miguel \u00c1ngel Riquelme Sol\u00eds en su toma de protesta como alcalde de Torre\u00f3n, ceremonia en la que ambos reiteraron continuar trabajando en equipo para seguir consolidando proyectos y programas que tengan que ver con mejorar la calidad de vida de las y los&#8230;<\/p>\n","protected":false},"author":1,"featured_media":4903,"comment_status":"open","ping_status":"open","sticky":false,"template":"","format":"standard","meta":{"footnotes":""},"categories":[2],"tags":[],"class_list":["post-4902","post","type-post","status-publish","format-standard","has-post-thumbnail","hentry","category-coahuila-coahuila"],"_links":{"self":[{"href":"https:\/\/lagumex.mx\/index\/wp-json\/wp\/v2\/posts\/4902","targetHints":{"allow":["GET"]}}],"collection":[{"href":"https:\/\/lagumex.mx\/index\/wp-json\/wp\/v2\/posts"}],"about":[{"href":"https:\/\/lagumex.mx\/index\/wp-json\/wp\/v2\/types\/post"}],"author":[{"embeddable":true,"href":"https:\/\/lagumex.mx\/index\/wp-json\/wp\/v2\/users\/1"}],"replies":[{"embeddable":true,"href":"https:\/\/lagumex.mx\/index\/wp-json\/wp\/v2\/comments?post=4902"}],"version-history":[{"count":1,"href":"https:\/\/lagumex.mx\/index\/wp-json\/wp\/v2\/posts\/4902\/revisions"}],"predecessor-version":[{"id":4904,"href":"https:\/\/lagumex.mx\/index\/wp-json\/wp\/v2\/posts\/4902\/revisions\/4904"}],"wp:featuredmedia":[{"embeddable":true,"href":"https:\/\/lagumex.mx\/index\/wp-json\/wp\/v2\/media\/4903"}],"wp:attachment":[{"href":"https:\/\/lagumex.mx\/index\/wp-json\/wp\/v2\/media?parent=4902"}],"wp:term":[{"taxonomy":"category","embeddable":true,"href":"https:\/\/lagumex.mx\/index\/wp-json\/wp\/v2\/categories?post=4902"},{"taxonomy":"post_tag","embeddable":true,"href":"https:\/\/lagumex.mx\/index\/wp-json\/wp\/v2\/tags?post=4902"}],"curies":[{"name":"wp","href":"https:\/\/api.w.org\/{rel}","templated":true}]}}