{"id":4896,"date":"2026-06-30T18:18:00","date_gmt":"2026-06-30T18:18:00","guid":{"rendered":"https:\/\/lagumex.mx\/index\/?p=4896"},"modified":"2026-07-02T18:24:13","modified_gmt":"2026-07-02T18:24:13","slug":"lerdo-publica-licitacion-para-revestimiento-asfaltico-en-bulevar-miguel-aleman","status":"publish","type":"post","link":"https:\/\/lagumex.mx\/index\/lerdo\/lerdo-publica-licitacion-para-revestimiento-asfaltico-en-bulevar-miguel-aleman\/","title":{"rendered":"Lerdo publica Licitaci\u00f3n para revestimiento asf\u00e1ltico en bulevar Miguel Alem\u00e1n"},"content":{"rendered":"\n<p>30 de junio de 2026.- <strong>El Ayuntamiento de Lerdo emiti\u00f3 la Licitaci\u00f3n P\u00fablica Nacional Presencial No. PML-DOP-R33-LPN-02\/2026 referente al revestimiento asf\u00e1ltico en el bulevar Miguel Alem\u00e1n, entre la calle Dalias e instalaciones del Centro de Bachillerato Tecnol\u00f3gico Industrial y de Servicios (Cbtis) n\u00famero 4 de las colonias, Hijos de Ejidatarios y Villa Jard\u00edn. La fecha estimada para el inicio de la obra ser\u00e1 el 31 de julio de 2026 y el plazo para su conclusi\u00f3n estimado ser\u00e1 el 21 de agosto del a\u00f1o en curso.<\/strong> La fecha l\u00edmite para adquirir las bases se fij\u00f3 el pr\u00f3ximo 7 de julio mientras que el acto de presentaci\u00f3n y apertura de proposiciones t\u00e9cnica y econ\u00f3mica el d\u00eda 14, en tanto que el acto de fallo se emitir\u00e1 el d\u00eda 20, de dicho mes en la sala de juntas de la Direcci\u00f3n Municipal de Obras P\u00fablicas.<\/p>\n\n\n\n<p>La convocatoria fue suscrita por Juan Moreno Valero, tesorero municipal y presidente del Comit\u00e9 de Adquisiciones, Arrendamientos y Contrataci\u00f3n de Servicios del Republicano Ayuntamiento de Lerdo.<\/p>\n\n\n\n<p>En la Gaceta n\u00famero 8, publicada el pasado 31 de marzo del presente a\u00f1o, fue plasmada el acta extraordinaria de Cabildo n\u00famero 5, en la que se aprob\u00f3 la propuesta de obra anual para el ejercicio 2026, por un monto total de 270 millones 283 mil 979.12 pesos. En el Ramo 33, se consider\u00f3 el revestimiento asf\u00e1ltico antes mencionado, con una inversi\u00f3n de 5 millones 138 mil 412.03 pesos, de los cuales un 50% que equivale a 2 millones 569 mil 206.02 pesos ser\u00e1n aportados por el Municipio y el resto por el Gobierno del Estado. En ese rubro, la obra viene se\u00f1alada como: Boulevard Miguel Alem\u00e1n entre calzada Agust\u00edn Castro y calle Dalias, colonia Magisterial a colonia Hijos de Ejidatarios<\/p>\n","protected":false},"excerpt":{"rendered":"<p>30 de junio de 2026.- El Ayuntamiento de Lerdo emiti\u00f3 la Licitaci\u00f3n P\u00fablica Nacional Presencial No. PML-DOP-R33-LPN-02\/2026 referente al revestimiento asf\u00e1ltico en el bulevar Miguel Alem\u00e1n, entre la calle Dalias e instalaciones del Centro de Bachillerato Tecnol\u00f3gico Industrial y de Servicios (Cbtis) n\u00famero 4 de las colonias, Hijos de Ejidatarios y Villa Jard\u00edn. La fecha&#8230;<\/p>\n","protected":false},"author":1,"featured_media":0,"comment_status":"open","ping_status":"open","sticky":false,"template":"","format":"standard","meta":{"footnotes":""},"categories":[3],"tags":[],"class_list":["post-4896","post","type-post","status-publish","format-standard","hentry","category-lerdo"],"_links":{"self":[{"href":"https:\/\/lagumex.mx\/index\/wp-json\/wp\/v2\/posts\/4896","targetHints":{"allow":["GET"]}}],"collection":[{"href":"https:\/\/lagumex.mx\/index\/wp-json\/wp\/v2\/posts"}],"about":[{"href":"https:\/\/lagumex.mx\/index\/wp-json\/wp\/v2\/types\/post"}],"author":[{"embeddable":true,"href":"https:\/\/lagumex.mx\/index\/wp-json\/wp\/v2\/users\/1"}],"replies":[{"embeddable":true,"href":"https:\/\/lagumex.mx\/index\/wp-json\/wp\/v2\/comments?post=4896"}],"version-history":[{"count":1,"href":"https:\/\/lagumex.mx\/index\/wp-json\/wp\/v2\/posts\/4896\/revisions"}],"predecessor-version":[{"id":4897,"href":"https:\/\/lagumex.mx\/index\/wp-json\/wp\/v2\/posts\/4896\/revisions\/4897"}],"wp:attachment":[{"href":"https:\/\/lagumex.mx\/index\/wp-json\/wp\/v2\/media?parent=4896"}],"wp:term":[{"taxonomy":"category","embeddable":true,"href":"https:\/\/lagumex.mx\/index\/wp-json\/wp\/v2\/categories?post=4896"},{"taxonomy":"post_tag","embeddable":true,"href":"https:\/\/lagumex.mx\/index\/wp-json\/wp\/v2\/tags?post=4896"}],"curies":[{"name":"wp","href":"https:\/\/api.w.org\/{rel}","templated":true}]}}