{"id":4891,"date":"2026-06-24T18:02:52","date_gmt":"2026-06-24T18:02:52","guid":{"rendered":"https:\/\/lagumex.mx\/index\/?p=4891"},"modified":"2026-06-28T18:03:40","modified_gmt":"2026-06-28T18:03:40","slug":"aprueban-instituir-premio-hermila-galindo-para-las-mujeres-destacadas-en-lerdo","status":"publish","type":"post","link":"https:\/\/lagumex.mx\/index\/lerdo\/aprueban-instituir-premio-hermila-galindo-para-las-mujeres-destacadas-en-lerdo\/","title":{"rendered":"Aprueban instituir premio Hermila Galindo para las mujeres destacadas en Lerdo"},"content":{"rendered":"\n<p>24 de junio de 2026.- <strong>En sesi\u00f3n de Cabildo, se aprob\u00f3 por unanimidad la iniciativa de instituir el Premio Municipal de la Mujer con la presea Hermila Galindo Acosta, a quienes destaquen en su labor desde los distintos \u00e1mbitos de la sociedad. Adem\u00e1s, se aprob\u00f3 el celebrar un Cabildo Incluyente de Personas con Discapacidad.<\/strong> De igual forma, en el siguiente punto del orden del d\u00eda, fue aprobada por unanimidad la propuesta presentada por la tercera regidora, Ma. Idalia del Socorro Meraz, para reformar el Bando de Polic\u00eda y Gobierno de Lerdo, adicionando un segundo p\u00e1rrafo al art\u00edculo 9\u00b0, con el objeto de instituir la celebraci\u00f3n de un Cabildo Incluyente de Personas con Discapacidad. La iniciativa busca fomentar una mayor comprensi\u00f3n sobre el tema de la discapacidad, as\u00ed como promover la dignidad, los derechos y el bienestar de las personas con discapacidad.<\/p>\n\n\n\n<p>En Asuntos Generales, la sexta regidora, Ivonne Guti\u00e9rrez, reconoci\u00f3 la llegada de diez nuevas unidades de camiones compactadores de basura, las cuales contribuir\u00e1n a mejorar la eficiencia del servicio de recolecci\u00f3n en toda la ciudad.<\/p>\n\n\n\n<p>Por su parte, la presidenta municipal Susy Torrecillas inform\u00f3 que la entrega oficial de los diez nuevos camiones compactadores se realizar\u00e1 el pr\u00f3ximo lunes, en un evento que contar\u00e1 con la presencia del gobernador del estado de Durango.<\/p>\n","protected":false},"excerpt":{"rendered":"<p>24 de junio de 2026.- En sesi\u00f3n de Cabildo, se aprob\u00f3 por unanimidad la iniciativa de instituir el Premio Municipal de la Mujer con la presea Hermila Galindo Acosta, a quienes destaquen en su labor desde los distintos \u00e1mbitos de la sociedad. Adem\u00e1s, se aprob\u00f3 el celebrar un Cabildo Incluyente de Personas con Discapacidad. De&#8230;<\/p>\n","protected":false},"author":1,"featured_media":0,"comment_status":"open","ping_status":"open","sticky":false,"template":"","format":"standard","meta":{"footnotes":""},"categories":[3],"tags":[],"class_list":["post-4891","post","type-post","status-publish","format-standard","hentry","category-lerdo"],"_links":{"self":[{"href":"https:\/\/lagumex.mx\/index\/wp-json\/wp\/v2\/posts\/4891","targetHints":{"allow":["GET"]}}],"collection":[{"href":"https:\/\/lagumex.mx\/index\/wp-json\/wp\/v2\/posts"}],"about":[{"href":"https:\/\/lagumex.mx\/index\/wp-json\/wp\/v2\/types\/post"}],"author":[{"embeddable":true,"href":"https:\/\/lagumex.mx\/index\/wp-json\/wp\/v2\/users\/1"}],"replies":[{"embeddable":true,"href":"https:\/\/lagumex.mx\/index\/wp-json\/wp\/v2\/comments?post=4891"}],"version-history":[{"count":1,"href":"https:\/\/lagumex.mx\/index\/wp-json\/wp\/v2\/posts\/4891\/revisions"}],"predecessor-version":[{"id":4892,"href":"https:\/\/lagumex.mx\/index\/wp-json\/wp\/v2\/posts\/4891\/revisions\/4892"}],"wp:attachment":[{"href":"https:\/\/lagumex.mx\/index\/wp-json\/wp\/v2\/media?parent=4891"}],"wp:term":[{"taxonomy":"category","embeddable":true,"href":"https:\/\/lagumex.mx\/index\/wp-json\/wp\/v2\/categories?post=4891"},{"taxonomy":"post_tag","embeddable":true,"href":"https:\/\/lagumex.mx\/index\/wp-json\/wp\/v2\/tags?post=4891"}],"curies":[{"name":"wp","href":"https:\/\/api.w.org\/{rel}","templated":true}]}}