{"id":4880,"date":"2026-06-27T17:53:49","date_gmt":"2026-06-27T17:53:49","guid":{"rendered":"https:\/\/lagumex.mx\/index\/?p=4880"},"modified":"2026-06-28T17:55:35","modified_gmt":"2026-06-28T17:55:35","slug":"aclara-subdirector-de-transito-y-vialidad-que-no-hay-pruebas-de-alcoholimetria-a-peatones-en-gomez-palacio","status":"publish","type":"post","link":"https:\/\/lagumex.mx\/index\/gomez-palacio\/aclara-subdirector-de-transito-y-vialidad-que-no-hay-pruebas-de-alcoholimetria-a-peatones-en-gomez-palacio\/","title":{"rendered":"Aclara subdirector de Tr\u00e1nsito y Vialidad que no hay pruebas de alcoholimetr\u00eda a peatones en G\u00f3mez Palacio"},"content":{"rendered":"\n<p>27 de junio de 2026.- <strong>A trav\u00e9s de un comunicado del Ayuntamiento de G\u00f3mez Palacio, da a conocer que: \u201cNo hubo, no hay ni habr\u00e1 pruebas de alcoholimetr\u00eda a peatones en G\u00f3mez Palacio\u201d, afirm\u00f3 el subdirector de Tr\u00e1nsito y Vialidad, Juan Manuel Z\u00fa\u00f1iga Torres, al rechazar la supuesta aplicaci\u00f3n del Operativo Alcohol\u00edmetro a un par de personas que caminaban por una acera de la ciudad.<\/strong> El mando responsable de Vialidad y Tr\u00e1nsito apunt\u00f3 que los hechos, que han derivado en pol\u00e9mica y en una discusi\u00f3n malintencionada,\u00a0<mark>se registraron en la calzada Agust\u00edn Castro y la avenida Degollado el pasado domingo 21 de junio, a las 21:10 horas, cuando, durante la aplicaci\u00f3n del operativo en menci\u00f3n, se practic\u00f3 la prueba a un conductor, Jes\u00fas N, quien result\u00f3 con tercer grado de ebriedad.<\/mark> Sin embargo, al tratarse de una persona de la tercera edad, por protocolo se le permiti\u00f3 retirarse. No obstante, dos acompa\u00f1antes de Jes\u00fas N, quienes se identificaron como sus hijos,<mark>\u00a0comenzaron a insultar y amenazar a los agentes del punto de revisi\u00f3n, argumentando que el aseguramiento de la camioneta para ser trasladada por una gr\u00faa era una medida injusta.<\/mark><\/p>\n","protected":false},"excerpt":{"rendered":"<p>27 de junio de 2026.- A trav\u00e9s de un comunicado del Ayuntamiento de G\u00f3mez Palacio, da a conocer que: \u201cNo hubo, no hay ni habr\u00e1 pruebas de alcoholimetr\u00eda a peatones en G\u00f3mez Palacio\u201d, afirm\u00f3 el subdirector de Tr\u00e1nsito y Vialidad, Juan Manuel Z\u00fa\u00f1iga Torres, al rechazar la supuesta aplicaci\u00f3n del Operativo Alcohol\u00edmetro a un par&#8230;<\/p>\n","protected":false},"author":1,"featured_media":4881,"comment_status":"open","ping_status":"open","sticky":false,"template":"","format":"standard","meta":{"footnotes":""},"categories":[12],"tags":[],"class_list":["post-4880","post","type-post","status-publish","format-standard","has-post-thumbnail","hentry","category-gomez-palacio"],"_links":{"self":[{"href":"https:\/\/lagumex.mx\/index\/wp-json\/wp\/v2\/posts\/4880","targetHints":{"allow":["GET"]}}],"collection":[{"href":"https:\/\/lagumex.mx\/index\/wp-json\/wp\/v2\/posts"}],"about":[{"href":"https:\/\/lagumex.mx\/index\/wp-json\/wp\/v2\/types\/post"}],"author":[{"embeddable":true,"href":"https:\/\/lagumex.mx\/index\/wp-json\/wp\/v2\/users\/1"}],"replies":[{"embeddable":true,"href":"https:\/\/lagumex.mx\/index\/wp-json\/wp\/v2\/comments?post=4880"}],"version-history":[{"count":1,"href":"https:\/\/lagumex.mx\/index\/wp-json\/wp\/v2\/posts\/4880\/revisions"}],"predecessor-version":[{"id":4882,"href":"https:\/\/lagumex.mx\/index\/wp-json\/wp\/v2\/posts\/4880\/revisions\/4882"}],"wp:featuredmedia":[{"embeddable":true,"href":"https:\/\/lagumex.mx\/index\/wp-json\/wp\/v2\/media\/4881"}],"wp:attachment":[{"href":"https:\/\/lagumex.mx\/index\/wp-json\/wp\/v2\/media?parent=4880"}],"wp:term":[{"taxonomy":"category","embeddable":true,"href":"https:\/\/lagumex.mx\/index\/wp-json\/wp\/v2\/categories?post=4880"},{"taxonomy":"post_tag","embeddable":true,"href":"https:\/\/lagumex.mx\/index\/wp-json\/wp\/v2\/tags?post=4880"}],"curies":[{"name":"wp","href":"https:\/\/api.w.org\/{rel}","templated":true}]}}