{"id":4874,"date":"2026-06-08T17:40:45","date_gmt":"2026-06-08T17:40:45","guid":{"rendered":"https:\/\/lagumex.mx\/index\/?p=4874"},"modified":"2026-06-28T17:41:54","modified_gmt":"2026-06-28T17:41:54","slug":"migrantes-encontraran-en-durango-un-estado-seguro-ernesto-alanis","status":"publish","type":"post","link":"https:\/\/lagumex.mx\/index\/uncategorized\/congreso-de-durango\/migrantes-encontraran-en-durango-un-estado-seguro-ernesto-alanis\/","title":{"rendered":"Migrantes encontrar\u00e1n en Durango un estado seguro: Ernesto Alan\u00eds"},"content":{"rendered":"\n<p>05 de junio de 2026.- Destaca coordinaci\u00f3n de la Guardia Nacional, el Ej\u00e9rcito y las polic\u00edas estatales y municipales.<\/p>\n\n\n\n<p>\u201cDurango es un estado seguro. Ah\u00ed est\u00e1n las estad\u00edsticas que lo colocan entre los mejores lugares del pa\u00eds\u201d, afirm\u00f3 el presidente de la Junta de Gobierno y Coordinaci\u00f3n Pol\u00edtica, Ernesto Alan\u00eds Herrera, por lo que consider\u00f3 que las familias migrantes pueden tener la confianza de regresar a Estado gracias a la coordinaci\u00f3n permanente entre los tres \u00f3rdenes de gobierno.<\/p>\n\n\n\n<p>En el Arranque de Operativo \u201cDurango Seguro 2026: Vivamos el Mundial, la FENADU y el Reencuentro con Nuestras Hero\u00ednas y H\u00e9roes Paisanos, que encabez\u00f3 el gobernador, Esteban Villegas Villarreal, el legislador destac\u00f3 que, dentro de la reuni\u00f3n de coordinaci\u00f3n entre los gobiernos federal y estatal, as\u00ed como con los municipios se busca fortalecer las estrategias de atenci\u00f3n y seguridad, particularmente en esta temporada vacacional que se recibe a miles de migrantes.<\/p>\n\n\n\n<p>\u201cAqu\u00ed en Durango observamos una actuaci\u00f3n inmediata de las corporaciones cuando se presenta alguna situaci\u00f3n. La Guardia Nacional, el Ej\u00e9rcito, la Polic\u00eda Estatal y la Polic\u00eda Municipal est\u00e1n presentes para mantener las condiciones de seguridad que necesitamos. Esta reuni\u00f3n de coordinaci\u00f3n resalta precisamente el compromiso de todas las instituciones y tambi\u00e9n del Congreso para sumarse a esta tarea\u201d, puntualiz\u00f3.<\/p>\n\n\n\n<p>El legislador reconoci\u00f3 la aportaci\u00f3n que realizan las y los migrantes duranguenses a sus familias y a la econom\u00eda del estado, por lo que consider\u00f3 indispensable garantizarles una estancia segura y libre de abusos durante su visita.<\/p>\n\n\n\n<p>\u201cLos migrantes tienen todo nuestro respeto y todo nuestro afecto porque forman parte de las familias de Durango. Regresan para convivir con sus seres queridos y apoyar a sus comunidades. Por ello debemos garantizarles seguridad, atenci\u00f3n y acompa\u00f1amiento. Nunca m\u00e1s extorsiones para ellos; deben sentirse respaldados por autoridades que los apoyen y protejan\u201d, subray\u00f3.<\/p>\n\n\n\n<p>Finalmente, Alan\u00eds Herrera destac\u00f3 la instalaci\u00f3n de m\u00f3dulos de atenci\u00f3n, los esquemas de informaci\u00f3n y el trabajo coordinado de las autoridades para brindar asistencia a los connacionales durante su estancia en el estado, especialmente ante el incremento de visitantes que se espera en la temporada vacacional.<\/p>\n","protected":false},"excerpt":{"rendered":"<p>05 de junio de 2026.- Destaca coordinaci\u00f3n de la Guardia Nacional, el Ej\u00e9rcito y las polic\u00edas estatales y municipales. \u201cDurango es un estado seguro. Ah\u00ed est\u00e1n las estad\u00edsticas que lo colocan entre los mejores lugares del pa\u00eds\u201d, afirm\u00f3 el presidente de la Junta de Gobierno y Coordinaci\u00f3n Pol\u00edtica, Ernesto Alan\u00eds Herrera, por lo que consider\u00f3&#8230;<\/p>\n","protected":false},"author":1,"featured_media":4875,"comment_status":"open","ping_status":"open","sticky":false,"template":"","format":"standard","meta":{"footnotes":""},"categories":[13],"tags":[],"class_list":["post-4874","post","type-post","status-publish","format-standard","has-post-thumbnail","hentry","category-congreso-de-durango"],"_links":{"self":[{"href":"https:\/\/lagumex.mx\/index\/wp-json\/wp\/v2\/posts\/4874","targetHints":{"allow":["GET"]}}],"collection":[{"href":"https:\/\/lagumex.mx\/index\/wp-json\/wp\/v2\/posts"}],"about":[{"href":"https:\/\/lagumex.mx\/index\/wp-json\/wp\/v2\/types\/post"}],"author":[{"embeddable":true,"href":"https:\/\/lagumex.mx\/index\/wp-json\/wp\/v2\/users\/1"}],"replies":[{"embeddable":true,"href":"https:\/\/lagumex.mx\/index\/wp-json\/wp\/v2\/comments?post=4874"}],"version-history":[{"count":1,"href":"https:\/\/lagumex.mx\/index\/wp-json\/wp\/v2\/posts\/4874\/revisions"}],"predecessor-version":[{"id":4876,"href":"https:\/\/lagumex.mx\/index\/wp-json\/wp\/v2\/posts\/4874\/revisions\/4876"}],"wp:featuredmedia":[{"embeddable":true,"href":"https:\/\/lagumex.mx\/index\/wp-json\/wp\/v2\/media\/4875"}],"wp:attachment":[{"href":"https:\/\/lagumex.mx\/index\/wp-json\/wp\/v2\/media?parent=4874"}],"wp:term":[{"taxonomy":"category","embeddable":true,"href":"https:\/\/lagumex.mx\/index\/wp-json\/wp\/v2\/categories?post=4874"},{"taxonomy":"post_tag","embeddable":true,"href":"https:\/\/lagumex.mx\/index\/wp-json\/wp\/v2\/tags?post=4874"}],"curies":[{"name":"wp","href":"https:\/\/api.w.org\/{rel}","templated":true}]}}