{"id":4868,"date":"2026-06-12T17:38:15","date_gmt":"2026-06-12T17:38:15","guid":{"rendered":"https:\/\/lagumex.mx\/index\/?p=4868"},"modified":"2026-06-28T17:39:12","modified_gmt":"2026-06-28T17:39:12","slug":"no-preve-congreso-periodo-extraordinario-ernesto-alanis","status":"publish","type":"post","link":"https:\/\/lagumex.mx\/index\/uncategorized\/congreso-de-durango\/no-preve-congreso-periodo-extraordinario-ernesto-alanis\/","title":{"rendered":"No prev\u00e9 Congreso Periodo Extraordinario: Ernesto Alan\u00eds"},"content":{"rendered":"\n<p>12 de junio de 2026.- En este momento no se tiene considerado realizar un Periodo Extraordinario de Sesiones en el Congreso del Estado; sin embargo, la posibilidad siempre existe en los t\u00e9rminos que establece la Ley Org\u00e1nica del Poder Legislativo, inform\u00f3 el presidente de la Junta de Gobierno y Coordinaci\u00f3n Pol\u00edtica, Ernesto Alan\u00eds Herrera.<\/p>\n\n\n\n<p>\u201cEn t\u00e9rminos de ley, est\u00e1 establecido y siempre existe la posibilidad de un Periodo Extraordinario y si existe la urgencia o alg\u00fan tema que lo amerite. En este momento se ha revisado y no se encuentra todav\u00eda alg\u00fan aspecto que pudiera provocar un Periodo Extraordinario de Sesiones\u201d, precis\u00f3.<\/p>\n\n\n\n<p>En entrevista, se\u00f1al\u00f3 que uno de los puntos donde justamente se est\u00e1 al pendiente es en t\u00e9rminos de qu\u00e9 puede llegar de lo federal, de lo estatal o de lo municipal, por lo que el Congreso se mantiene atento a cualquier situaci\u00f3n que requiera la intervenci\u00f3n del Poder Legislativo.<\/p>\n\n\n\n<p>\u201cTenemos que estar atentos a todas las variables y aspectos que puedan presentarse en el Congreso. Adem\u00e1s, las posibilidades siempre existen; dentro de las \u00faltimas reformas federales nacionales s\u00ed se alcanzaron a desahogar dentro del periodo ordinario de sesiones, todas fueron votadas como constituyentes\u201d, resalt\u00f3.<\/p>\n\n\n\n<p>Sin embargo, tambi\u00e9n aclar\u00f3 que existen aspectos donde esos mismos mandatos federales ordenan que, en virtud de que alguna legislaci\u00f3n local no se modificara, est\u00e1 vigente la federal.<\/p>\n","protected":false},"excerpt":{"rendered":"<p>12 de junio de 2026.- En este momento no se tiene considerado realizar un Periodo Extraordinario de Sesiones en el Congreso del Estado; sin embargo, la posibilidad siempre existe en los t\u00e9rminos que establece la Ley Org\u00e1nica del Poder Legislativo, inform\u00f3 el presidente de la Junta de Gobierno y Coordinaci\u00f3n Pol\u00edtica, Ernesto Alan\u00eds Herrera. \u201cEn&#8230;<\/p>\n","protected":false},"author":1,"featured_media":4869,"comment_status":"open","ping_status":"open","sticky":false,"template":"","format":"standard","meta":{"footnotes":""},"categories":[13],"tags":[],"class_list":["post-4868","post","type-post","status-publish","format-standard","has-post-thumbnail","hentry","category-congreso-de-durango"],"_links":{"self":[{"href":"https:\/\/lagumex.mx\/index\/wp-json\/wp\/v2\/posts\/4868","targetHints":{"allow":["GET"]}}],"collection":[{"href":"https:\/\/lagumex.mx\/index\/wp-json\/wp\/v2\/posts"}],"about":[{"href":"https:\/\/lagumex.mx\/index\/wp-json\/wp\/v2\/types\/post"}],"author":[{"embeddable":true,"href":"https:\/\/lagumex.mx\/index\/wp-json\/wp\/v2\/users\/1"}],"replies":[{"embeddable":true,"href":"https:\/\/lagumex.mx\/index\/wp-json\/wp\/v2\/comments?post=4868"}],"version-history":[{"count":1,"href":"https:\/\/lagumex.mx\/index\/wp-json\/wp\/v2\/posts\/4868\/revisions"}],"predecessor-version":[{"id":4870,"href":"https:\/\/lagumex.mx\/index\/wp-json\/wp\/v2\/posts\/4868\/revisions\/4870"}],"wp:featuredmedia":[{"embeddable":true,"href":"https:\/\/lagumex.mx\/index\/wp-json\/wp\/v2\/media\/4869"}],"wp:attachment":[{"href":"https:\/\/lagumex.mx\/index\/wp-json\/wp\/v2\/media?parent=4868"}],"wp:term":[{"taxonomy":"category","embeddable":true,"href":"https:\/\/lagumex.mx\/index\/wp-json\/wp\/v2\/categories?post=4868"},{"taxonomy":"post_tag","embeddable":true,"href":"https:\/\/lagumex.mx\/index\/wp-json\/wp\/v2\/tags?post=4868"}],"curies":[{"name":"wp","href":"https:\/\/api.w.org\/{rel}","templated":true}]}}