{"id":4862,"date":"2026-06-18T17:33:04","date_gmt":"2026-06-18T17:33:04","guid":{"rendered":"https:\/\/lagumex.mx\/index\/?p=4862"},"modified":"2026-06-28T17:33:59","modified_gmt":"2026-06-28T17:33:59","slug":"impulsa-esteban-villegas-desarrollo-de-los-municipioscesar-rivas","status":"publish","type":"post","link":"https:\/\/lagumex.mx\/index\/uncategorized\/congreso-de-durango\/impulsa-esteban-villegas-desarrollo-de-los-municipioscesar-rivas\/","title":{"rendered":"Impulsa Esteban Villegas desarrollo de los municipios:C\u00e9sar Rivas."},"content":{"rendered":"\n<p>18 de junio de 2026.- \u201cCuando el campo produce, cuando los municipios avanzan y cuando las familias tienen mejores oportunidades, avanza todo Durango\u201d, afirm\u00f3 el diputado C\u00e9sar Rivas B. Nev\u00e1rez al destac\u00f3 la gira de trabajo que realiz\u00f3 el gobernador Esteban Villegas Villarreal en los 39 municipios del estado, lo cual representa un ejercicio cercano a la ciudadan\u00eda y un compromiso con las necesidades de los duranguenses.<\/p>\n\n\n\n<p>Durante su pronunciamiento, el legislador se\u00f1al\u00f3 que las y los duranguenses son gente trabajadora que diariamente se esfuerza para sacar adelante a sus familias, por lo que reconocen cuando existen acciones y resultados que contribuyen al desarrollo de sus comunidades.<\/p>\n\n\n\n<p>\u201cRecorrer Durango de punta a punta no es tarea sencilla, y si hay algo que apreciamos mucho, tanto en el campo como en la ciudad, es que los gobiernos no se olviden, sino que vuelvan, que cumplan y que den la cara\u201d, expres\u00f3.<\/p>\n\n\n\n<p>El integrante del Grupo Parlamentario del PAN afirm\u00f3 que gobernar implica estar cerca de la gente, escuchar sus inquietudes y conocer de primera mano las necesidades de cada regi\u00f3n, por lo que resalt\u00f3 la presencia del mandatario estatal en las distintas zonas del estado.<\/p>\n\n\n\n<p>Explic\u00f3 que durante la gira se impulsaron obras y apoyos en La Laguna, se atendieron las necesidades de productores y familias de la regi\u00f3n de los Llanos, as\u00ed como de los Valles, donde la agricultura y la ganader\u00eda representan actividades fundamentales para miles de hogares.<\/p>\n\n\n\n<p>De igual manera, destac\u00f3 las visitas realizadas a las regiones de las Quebradas y la Sierra, donde se llevaron acciones y atenci\u00f3n a comunidades alejadas que enfrentan importantes desaf\u00edos debido a las distancias y condiciones geogr\u00e1ficas.<\/p>\n\n\n\n<p>Asimismo, reconoci\u00f3 los esfuerzos realizados en los municipios del centro del estado y en la capital duranguense, donde se atendieron temas relacionados con infraestructura, vivienda, educaci\u00f3n, salud y seguridad.<\/p>\n\n\n\n<p>\u201cLos duranguenses sabemos perfectamente que aqu\u00ed la palabra vale. Cuando las familias ven que una obra se entrega, que llega un apoyo para el campo, que se rehabilita una escuela, que mejora un camino o que una comunidad recibe atenci\u00f3n despu\u00e9s de muchos a\u00f1os, lo reconocemos porque son acciones que hacen la diferencia\u201d, puntualiz\u00f3.<\/p>\n\n\n\n<p>Finalmente, asegur\u00f3 que las y los diputados del Grupo Parlamentario del PAN continuar\u00e1n recorriendo calles, ejidos, barrios y comunidades para escuchar a la ciudadan\u00eda antes de legislar, con el objetivo de que cada decisi\u00f3n tenga un impacto real en la calidad de vida de las familias duranguenses.<\/p>\n","protected":false},"excerpt":{"rendered":"<p>18 de junio de 2026.- \u201cCuando el campo produce, cuando los municipios avanzan y cuando las familias tienen mejores oportunidades, avanza todo Durango\u201d, afirm\u00f3 el diputado C\u00e9sar Rivas B. Nev\u00e1rez al destac\u00f3 la gira de trabajo que realiz\u00f3 el gobernador Esteban Villegas Villarreal en los 39 municipios del estado, lo cual representa un ejercicio cercano&#8230;<\/p>\n","protected":false},"author":1,"featured_media":4863,"comment_status":"open","ping_status":"open","sticky":false,"template":"","format":"standard","meta":{"footnotes":""},"categories":[13],"tags":[],"class_list":["post-4862","post","type-post","status-publish","format-standard","has-post-thumbnail","hentry","category-congreso-de-durango"],"_links":{"self":[{"href":"https:\/\/lagumex.mx\/index\/wp-json\/wp\/v2\/posts\/4862","targetHints":{"allow":["GET"]}}],"collection":[{"href":"https:\/\/lagumex.mx\/index\/wp-json\/wp\/v2\/posts"}],"about":[{"href":"https:\/\/lagumex.mx\/index\/wp-json\/wp\/v2\/types\/post"}],"author":[{"embeddable":true,"href":"https:\/\/lagumex.mx\/index\/wp-json\/wp\/v2\/users\/1"}],"replies":[{"embeddable":true,"href":"https:\/\/lagumex.mx\/index\/wp-json\/wp\/v2\/comments?post=4862"}],"version-history":[{"count":1,"href":"https:\/\/lagumex.mx\/index\/wp-json\/wp\/v2\/posts\/4862\/revisions"}],"predecessor-version":[{"id":4864,"href":"https:\/\/lagumex.mx\/index\/wp-json\/wp\/v2\/posts\/4862\/revisions\/4864"}],"wp:featuredmedia":[{"embeddable":true,"href":"https:\/\/lagumex.mx\/index\/wp-json\/wp\/v2\/media\/4863"}],"wp:attachment":[{"href":"https:\/\/lagumex.mx\/index\/wp-json\/wp\/v2\/media?parent=4862"}],"wp:term":[{"taxonomy":"category","embeddable":true,"href":"https:\/\/lagumex.mx\/index\/wp-json\/wp\/v2\/categories?post=4862"},{"taxonomy":"post_tag","embeddable":true,"href":"https:\/\/lagumex.mx\/index\/wp-json\/wp\/v2\/tags?post=4862"}],"curies":[{"name":"wp","href":"https:\/\/api.w.org\/{rel}","templated":true}]}}