{"id":4853,"date":"2026-06-25T17:16:11","date_gmt":"2026-06-25T17:16:11","guid":{"rendered":"https:\/\/lagumex.mx\/index\/?p=4853"},"modified":"2026-06-28T17:17:49","modified_gmt":"2026-06-28T17:17:49","slug":"reconoce-ernesto-alanis-politica-efectiva-de-apoyo-al-campo-impulsada-por-esteban","status":"publish","type":"post","link":"https:\/\/lagumex.mx\/index\/uncategorized\/congreso-de-durango\/reconoce-ernesto-alanis-politica-efectiva-de-apoyo-al-campo-impulsada-por-esteban\/","title":{"rendered":"Reconoce Ernesto Alan\u00eds pol\u00edtica efectiva de apoyo al campo impulsada por Esteban"},"content":{"rendered":"\n<p>25 de junio de 2026.- La respuesta del Estado ha sido oportuna y enfocada en atender las necesidades m\u00e1s apremiantes del sector agropecuario.<\/p>\n\n\n\n<p>\u201cLa actuaci\u00f3n que se ha tenido a trav\u00e9s de la pol\u00edtica p\u00fablica del gobernador Esteban Villegas en el campo est\u00e1 siendo efectiva porque es un apoyo directo que incide directamente con la gente. Son acciones que llegan a quienes realmente las necesitan y fortalecen la actividad productiva de miles de familias\u201d, afirm\u00f3 el presidente de la Junta de Gobierno, Ernesto Alan\u00eds Herrera.<\/p>\n\n\n\n<p>Ante los medios de comunicaci\u00f3n, reconoci\u00f3 que el sector enfrenta retos importantes, tanto para los productores de granos como para los ganaderos; sin embargo, asegur\u00f3 que la respuesta del Gobierno del Estado ha sido oportuna y enfocada en atender las necesidades m\u00e1s apremiantes del campo.<\/p>\n\n\n\n<p>En este sentido, destac\u00f3 que uno de los programas de mayor impacto es la entrega de suplemento alimenticio para el ganado, ya que permite conservar los hatos en buenas condiciones de salud mientras mejoran las condiciones del mercado y se ampl\u00edan las oportunidades de comercializaci\u00f3n.<\/p>\n\n\n\n<p>\u201cHablar de suplemento alimenticio es darle la posibilidad a los ganaderos de que su hato est\u00e9 en buenas condiciones de salud y pueda enfrentar estos tiempos en los que se apertura la frontera o se consigue un mejor precio para la comercializaci\u00f3n. Es una inversi\u00f3n importante del Estado, pero que llega directamente a los campesinos\u201d, se\u00f1al\u00f3.<\/p>\n\n\n\n<p>El diputado explic\u00f3 que la distribuci\u00f3n de m\u00e1s de 2 mil 500 toneladas de suplemento representa un respaldo fundamental para los peque\u00f1os productores, quienes en muchos casos cuentan con entre 20 y 30 cabezas de ganado y dependen de ellas para sostener la econom\u00eda de sus familias.<\/p>\n\n\n\n<p>\u201cPara quien tiene 20 o 30 cabezas de ganado este apoyo representa un respiro. Es mantener esa vaca, permitir que tenga un becerro y generar ingresos para la familia. Es un apoyo directo a la ganader\u00eda social y a la econom\u00eda de miles de productores duranguenses\u201d, subray\u00f3.<\/p>\n\n\n\n<p>Alan\u00eds Herrera record\u00f3 que desde el Congreso del Estado tambi\u00e9n se trabaja para fortalecer al sector mediante iniciativas como la reforma a la Ley Ganadera del Estado que incorpora el sistema de trazabilidad ganadera.<\/p>\n\n\n\n<p>Por lo que consider\u00f3 que estas acciones complementan la pol\u00edtica estatal en materia de sanidad animal y permitir\u00e1 que los productores mantengan sus hatos en mejores condiciones, accedan a mercados m\u00e1s competitivos y obtengan mayores beneficios para sus familias.<\/p>\n","protected":false},"excerpt":{"rendered":"<p>25 de junio de 2026.- La respuesta del Estado ha sido oportuna y enfocada en atender las necesidades m\u00e1s apremiantes del sector agropecuario. \u201cLa actuaci\u00f3n que se ha tenido a trav\u00e9s de la pol\u00edtica p\u00fablica del gobernador Esteban Villegas en el campo est\u00e1 siendo efectiva porque es un apoyo directo que incide directamente con la&#8230;<\/p>\n","protected":false},"author":1,"featured_media":4854,"comment_status":"open","ping_status":"open","sticky":false,"template":"","format":"standard","meta":{"footnotes":""},"categories":[13],"tags":[],"class_list":["post-4853","post","type-post","status-publish","format-standard","has-post-thumbnail","hentry","category-congreso-de-durango"],"_links":{"self":[{"href":"https:\/\/lagumex.mx\/index\/wp-json\/wp\/v2\/posts\/4853","targetHints":{"allow":["GET"]}}],"collection":[{"href":"https:\/\/lagumex.mx\/index\/wp-json\/wp\/v2\/posts"}],"about":[{"href":"https:\/\/lagumex.mx\/index\/wp-json\/wp\/v2\/types\/post"}],"author":[{"embeddable":true,"href":"https:\/\/lagumex.mx\/index\/wp-json\/wp\/v2\/users\/1"}],"replies":[{"embeddable":true,"href":"https:\/\/lagumex.mx\/index\/wp-json\/wp\/v2\/comments?post=4853"}],"version-history":[{"count":1,"href":"https:\/\/lagumex.mx\/index\/wp-json\/wp\/v2\/posts\/4853\/revisions"}],"predecessor-version":[{"id":4855,"href":"https:\/\/lagumex.mx\/index\/wp-json\/wp\/v2\/posts\/4853\/revisions\/4855"}],"wp:featuredmedia":[{"embeddable":true,"href":"https:\/\/lagumex.mx\/index\/wp-json\/wp\/v2\/media\/4854"}],"wp:attachment":[{"href":"https:\/\/lagumex.mx\/index\/wp-json\/wp\/v2\/media?parent=4853"}],"wp:term":[{"taxonomy":"category","embeddable":true,"href":"https:\/\/lagumex.mx\/index\/wp-json\/wp\/v2\/categories?post=4853"},{"taxonomy":"post_tag","embeddable":true,"href":"https:\/\/lagumex.mx\/index\/wp-json\/wp\/v2\/tags?post=4853"}],"curies":[{"name":"wp","href":"https:\/\/api.w.org\/{rel}","templated":true}]}}