{"id":4846,"date":"2026-06-18T06:38:00","date_gmt":"2026-06-18T06:38:00","guid":{"rendered":"https:\/\/lagumex.mx\/index\/?p=4846"},"modified":"2026-06-18T18:40:21","modified_gmt":"2026-06-18T18:40:21","slug":"se-reune-susy-torrecillas-con-su-estado-de-fuerza","status":"publish","type":"post","link":"https:\/\/lagumex.mx\/index\/lerdo\/se-reune-susy-torrecillas-con-su-estado-de-fuerza\/","title":{"rendered":"Se re\u00fane Susy Torrecillas con su estado de fuerza"},"content":{"rendered":"\n<p>18 de junio de 2026.- <strong>Porque son la \u201ccara de la Administraci\u00f3n\u201d, la alcaldesa de Lerdo, Susy Torrecillas Salazar, se reuni\u00f3 con el estado de fuerza con el que cuenta el municipio, desde polic\u00edas hasta tr\u00e1nsitos, bomberos y elementos de Protecci\u00f3n Civil, para reforzar la coordinaci\u00f3n y con la intenci\u00f3n de generar confianza a la ciudadan\u00eda, que m\u00e1s que temor, genere confianza al verlos pasar frente a ellos.<\/strong> En este encuentro, adem\u00e1s, aprovech\u00f3 para ofrecer descuentos a automovilistas y conductores de motocicletas cuyas unidades se encuentran en el corral\u00f3n tras cometer una falta, para darles la oportunidad de recuperarlas a la vez que se generan ingresos para distintas obras del municipio. La excepci\u00f3n fueron las faltas por alcohol\u00edmetro. En este encuentro, adem\u00e1s, aprovech\u00f3 para ofrecer descuentos a automovilistas y conductores de motocicletas cuyas unidades se encuentran en el corral\u00f3n tras cometer una falta, para darles la oportunidad de recuperarlas a la vez que se generan ingresos para distintas obras del municipio. La excepci\u00f3n fueron las faltas por alcohol\u00edmetro. <strong>\u201c<\/strong><em>Que sigan entregados a la ciudadan\u00eda, que sepan que lo primero es la gente, como lo dije, las ni\u00f1as, los ni\u00f1os, los adolescentes, las mujeres, las personas con discapacidad y los adultos mayores; tenemos que poner a las familias de Lerdo en primer lugar para que se sientan protegidas con su presidenta y, por supuesto, con todo el equipo de trabajo que nos rodea a lo largo y ancho de todo el municipio\u2026 Yo quiero que toda la gente, cuando vea un polic\u00eda, un tr\u00e1nsito o un bombero, se sienta cuidada, se sienta protegida y cuando una presidenta municipal mujer est\u00e1 al frente y dirigiendo el camino de Lerdo, tiene que hacerlo con gallard\u00eda, valent\u00eda y honestidad; es as\u00ed como estamos actuando y es como estoy invitando a todos los elementos que as\u00ed lo hagan<\/em><strong>\u201d, dijo.<\/strong><\/p>\n","protected":false},"excerpt":{"rendered":"<p>18 de junio de 2026.- Porque son la \u201ccara de la Administraci\u00f3n\u201d, la alcaldesa de Lerdo, Susy Torrecillas Salazar, se reuni\u00f3 con el estado de fuerza con el que cuenta el municipio, desde polic\u00edas hasta tr\u00e1nsitos, bomberos y elementos de Protecci\u00f3n Civil, para reforzar la coordinaci\u00f3n y con la intenci\u00f3n de generar confianza a la&#8230;<\/p>\n","protected":false},"author":1,"featured_media":0,"comment_status":"open","ping_status":"open","sticky":false,"template":"","format":"standard","meta":{"footnotes":""},"categories":[3],"tags":[],"class_list":["post-4846","post","type-post","status-publish","format-standard","hentry","category-lerdo"],"_links":{"self":[{"href":"https:\/\/lagumex.mx\/index\/wp-json\/wp\/v2\/posts\/4846","targetHints":{"allow":["GET"]}}],"collection":[{"href":"https:\/\/lagumex.mx\/index\/wp-json\/wp\/v2\/posts"}],"about":[{"href":"https:\/\/lagumex.mx\/index\/wp-json\/wp\/v2\/types\/post"}],"author":[{"embeddable":true,"href":"https:\/\/lagumex.mx\/index\/wp-json\/wp\/v2\/users\/1"}],"replies":[{"embeddable":true,"href":"https:\/\/lagumex.mx\/index\/wp-json\/wp\/v2\/comments?post=4846"}],"version-history":[{"count":1,"href":"https:\/\/lagumex.mx\/index\/wp-json\/wp\/v2\/posts\/4846\/revisions"}],"predecessor-version":[{"id":4848,"href":"https:\/\/lagumex.mx\/index\/wp-json\/wp\/v2\/posts\/4846\/revisions\/4848"}],"wp:attachment":[{"href":"https:\/\/lagumex.mx\/index\/wp-json\/wp\/v2\/media?parent=4846"}],"wp:term":[{"taxonomy":"category","embeddable":true,"href":"https:\/\/lagumex.mx\/index\/wp-json\/wp\/v2\/categories?post=4846"},{"taxonomy":"post_tag","embeddable":true,"href":"https:\/\/lagumex.mx\/index\/wp-json\/wp\/v2\/tags?post=4846"}],"curies":[{"name":"wp","href":"https:\/\/api.w.org\/{rel}","templated":true}]}}