{"id":4830,"date":"2026-06-04T01:55:24","date_gmt":"2026-06-04T01:55:24","guid":{"rendered":"https:\/\/lagumex.mx\/index\/?p=4830"},"modified":"2026-06-05T01:57:15","modified_gmt":"2026-06-05T01:57:15","slug":"inicia-obra-de-rehabilitacion-de-parque-victoria-de-lerdo-invertiran-casi-8mdp","status":"publish","type":"post","link":"https:\/\/lagumex.mx\/index\/lerdo\/inicia-obra-de-rehabilitacion-de-parque-victoria-de-lerdo-invertiran-casi-8mdp\/","title":{"rendered":"Inicia obra de rehabilitaci\u00f3n de Parque Victoria de Lerdo, invertir\u00e1n casi 8mdp"},"content":{"rendered":"\n<p>04 de junio de 2026.- Con una inversi\u00f3n de casi ocho millones de pesos, este jueves dio inicio la obra de rehabilitaci\u00f3n integral del Parque Victoria del municipio de Lerdo, sobre la calle Chihuahua, entre las avenidas Francisco I. Madero y Coronado. Este espacio p\u00fablico es uno de los pulmones verdes m\u00e1s emblem\u00e1ticos no solo de Ciudad Jard\u00edn sino de toda la regi\u00f3n Lagunera y en el que desde hace muchos a\u00f1os, confluyen miles de familias laguneras, as\u00ed como deportistas y dem\u00e1s sectores de la sociedad. La alcaldesa Susy Carolina Torrecillas Salazar dijo que a la par de la rehabilitaci\u00f3n, la seguridad p\u00fablica del parque ser\u00e1 una prioridad por lo que su gobierno trabajar\u00e1 de manera conjunta con la Polic\u00eda Ambiental y Municipal, corporaciones estatales y el Mando Especial de La Laguna.<\/p>\n\n\n\n<p>En la remodelaci\u00f3n, se consideran trabajos preliminares, alba\u00f1iler\u00eda, mobiliario urbano como bancas met\u00e1licas, botes de basura y paraderos, as\u00ed como tambi\u00e9n alumbrado p\u00fablico, una explanada, juegos infantiles como trepaderos, columpios, pasamanos, resbaladillas, y sube y baja y columpio inclusivo para silla de ruedas. De igual manera, un \u00e1rea de ejercitadores.<\/p>\n","protected":false},"excerpt":{"rendered":"<p>04 de junio de 2026.- Con una inversi\u00f3n de casi ocho millones de pesos, este jueves dio inicio la obra de rehabilitaci\u00f3n integral del Parque Victoria del municipio de Lerdo, sobre la calle Chihuahua, entre las avenidas Francisco I. Madero y Coronado. Este espacio p\u00fablico es uno de los pulmones verdes m\u00e1s emblem\u00e1ticos no solo&#8230;<\/p>\n","protected":false},"author":1,"featured_media":4831,"comment_status":"open","ping_status":"open","sticky":false,"template":"","format":"standard","meta":{"footnotes":""},"categories":[3],"tags":[],"class_list":["post-4830","post","type-post","status-publish","format-standard","has-post-thumbnail","hentry","category-lerdo"],"_links":{"self":[{"href":"https:\/\/lagumex.mx\/index\/wp-json\/wp\/v2\/posts\/4830","targetHints":{"allow":["GET"]}}],"collection":[{"href":"https:\/\/lagumex.mx\/index\/wp-json\/wp\/v2\/posts"}],"about":[{"href":"https:\/\/lagumex.mx\/index\/wp-json\/wp\/v2\/types\/post"}],"author":[{"embeddable":true,"href":"https:\/\/lagumex.mx\/index\/wp-json\/wp\/v2\/users\/1"}],"replies":[{"embeddable":true,"href":"https:\/\/lagumex.mx\/index\/wp-json\/wp\/v2\/comments?post=4830"}],"version-history":[{"count":1,"href":"https:\/\/lagumex.mx\/index\/wp-json\/wp\/v2\/posts\/4830\/revisions"}],"predecessor-version":[{"id":4832,"href":"https:\/\/lagumex.mx\/index\/wp-json\/wp\/v2\/posts\/4830\/revisions\/4832"}],"wp:featuredmedia":[{"embeddable":true,"href":"https:\/\/lagumex.mx\/index\/wp-json\/wp\/v2\/media\/4831"}],"wp:attachment":[{"href":"https:\/\/lagumex.mx\/index\/wp-json\/wp\/v2\/media?parent=4830"}],"wp:term":[{"taxonomy":"category","embeddable":true,"href":"https:\/\/lagumex.mx\/index\/wp-json\/wp\/v2\/categories?post=4830"},{"taxonomy":"post_tag","embeddable":true,"href":"https:\/\/lagumex.mx\/index\/wp-json\/wp\/v2\/tags?post=4830"}],"curies":[{"name":"wp","href":"https:\/\/api.w.org\/{rel}","templated":true}]}}