{"id":4827,"date":"2026-06-05T01:55:21","date_gmt":"2026-06-05T01:55:21","guid":{"rendered":"https:\/\/lagumex.mx\/index\/?p=4827"},"modified":"2026-06-05T01:55:21","modified_gmt":"2026-06-05T01:55:21","slug":"sideapaar-construira-sistema-de-rebombeo-para-solucionar-falta-de-agua-en-san-jose-del-vinedo","status":"publish","type":"post","link":"https:\/\/lagumex.mx\/index\/durango\/sideapaar-construira-sistema-de-rebombeo-para-solucionar-falta-de-agua-en-san-jose-del-vinedo\/","title":{"rendered":"SIDEAPAAR construir\u00e1 sistema de rebombeo para solucionar falta de agua en San Jos\u00e9 del Vi\u00f1edo"},"content":{"rendered":"\n<p>03 de junio de 2026.- Despu\u00e9s de la manifestaci\u00f3n de este jueves por falta de agua, personal del Sistema Descentralizado de Agua Potable y Alcantarillado del \u00c1rea Rural (SIDEAPAAR) de G\u00f3mez Palacio, sostuvo una reuni\u00f3n con autoridades y habitantes del caser\u00edo conocido como El Ranchito, ubicado en predios del ejido San Jos\u00e9 del Vi\u00f1edo.<\/p>\n\n\n\n<p>El director del organismo, Hugo L\u00f3pez Gurrola, dijo que se brind\u00f3 informaci\u00f3n a la comunidad sobre el proyecto para la construcci\u00f3n de un sistema de rebombeo que permitir\u00e1 llevar de manera directa agua potable de un pozo ubicado en el sector a casi 50 viviendas, brindando una soluci\u00f3n de fondo a una demanda social que por m\u00e1s de tres d\u00e9cadas ha afectado a las familias de la zona.<\/p>\n\n\n\n<p>Mediante un comunicado oficial, se inform\u00f3&nbsp;que la obra ser\u00e1 ejecutada con recursos federales provenientes del Ramo XXXIII y que actualmente se encuentra en espera de la liberaci\u00f3n de los recursos para dar inicio a los trabajos en las pr\u00f3ximas semanas.<\/p>\n","protected":false},"excerpt":{"rendered":"<p>03 de junio de 2026.- Despu\u00e9s de la manifestaci\u00f3n de este jueves por falta de agua, personal del Sistema Descentralizado de Agua Potable y Alcantarillado del \u00c1rea Rural (SIDEAPAAR) de G\u00f3mez Palacio, sostuvo una reuni\u00f3n con autoridades y habitantes del caser\u00edo conocido como El Ranchito, ubicado en predios del ejido San Jos\u00e9 del Vi\u00f1edo. El&#8230;<\/p>\n","protected":false},"author":1,"featured_media":4828,"comment_status":"open","ping_status":"open","sticky":false,"template":"","format":"standard","meta":{"footnotes":""},"categories":[1],"tags":[],"class_list":["post-4827","post","type-post","status-publish","format-standard","has-post-thumbnail","hentry","category-durango"],"_links":{"self":[{"href":"https:\/\/lagumex.mx\/index\/wp-json\/wp\/v2\/posts\/4827","targetHints":{"allow":["GET"]}}],"collection":[{"href":"https:\/\/lagumex.mx\/index\/wp-json\/wp\/v2\/posts"}],"about":[{"href":"https:\/\/lagumex.mx\/index\/wp-json\/wp\/v2\/types\/post"}],"author":[{"embeddable":true,"href":"https:\/\/lagumex.mx\/index\/wp-json\/wp\/v2\/users\/1"}],"replies":[{"embeddable":true,"href":"https:\/\/lagumex.mx\/index\/wp-json\/wp\/v2\/comments?post=4827"}],"version-history":[{"count":1,"href":"https:\/\/lagumex.mx\/index\/wp-json\/wp\/v2\/posts\/4827\/revisions"}],"predecessor-version":[{"id":4829,"href":"https:\/\/lagumex.mx\/index\/wp-json\/wp\/v2\/posts\/4827\/revisions\/4829"}],"wp:featuredmedia":[{"embeddable":true,"href":"https:\/\/lagumex.mx\/index\/wp-json\/wp\/v2\/media\/4828"}],"wp:attachment":[{"href":"https:\/\/lagumex.mx\/index\/wp-json\/wp\/v2\/media?parent=4827"}],"wp:term":[{"taxonomy":"category","embeddable":true,"href":"https:\/\/lagumex.mx\/index\/wp-json\/wp\/v2\/categories?post=4827"},{"taxonomy":"post_tag","embeddable":true,"href":"https:\/\/lagumex.mx\/index\/wp-json\/wp\/v2\/tags?post=4827"}],"curies":[{"name":"wp","href":"https:\/\/api.w.org\/{rel}","templated":true}]}}