{"id":4807,"date":"2026-05-15T15:52:23","date_gmt":"2026-05-15T15:52:23","guid":{"rendered":"https:\/\/lagumex.mx\/index\/?p=4807"},"modified":"2026-05-22T15:53:21","modified_gmt":"2026-05-22T15:53:21","slug":"reconoce-congreso-al-magisterio-como-pilar-del-desarrollo-social","status":"publish","type":"post","link":"https:\/\/lagumex.mx\/index\/uncategorized\/congreso-de-durango\/reconoce-congreso-al-magisterio-como-pilar-del-desarrollo-social\/","title":{"rendered":"Reconoce Congreso al magisterio como pilar del desarrollo social"},"content":{"rendered":"\n<p>15 de mayo de 2026.- La docencia es una de las respuestas m\u00e1s valiosas frente a los desaf\u00edos de nuestra sociedad: Iv\u00e1n Soto.<\/p>\n\n\n\n<p>o La Cuarta Transformaci\u00f3n ha impulsado una nueva visi\u00f3n de respeto hacia el magisterio: Flora Leal.<\/p>\n\n\n\n<p>o Maestras y maestros de Durango y La Laguna son parte fundamental para continuar transformando al pa\u00eds: Alejandro Mata.<\/p>\n\n\n\n<p>En el marco de la conmemoraci\u00f3n del D\u00eda del Maestro, las y los diputados locales reconocieron la labor de las maestras y maestros, por su vocaci\u00f3n, entrega y papel fundamental en la formaci\u00f3n de generaciones y como pilar del desarrollo social de la sociedad.<\/p>\n\n\n\n<p>\u201cLa docencia es una de las respuestas m\u00e1s valiosas frente a los desaf\u00edos de nuestra sociedad. Las y los maestros representan mucho m\u00e1s que una profesi\u00f3n, son gu\u00eda, ejemplo, formaci\u00f3n y acompa\u00f1amiento en etapas fundamentales de la vida\u201d, consider\u00f3 el diputado Iv\u00e1n Soto Mend\u00eda al hacer uso de la tribuna.<\/p>\n\n\n\n<p>En este sentido, el integrante del Grupo Parlamentario del PRI, se hizo un llamado a reconocer a quienes han ense\u00f1ado que la educaci\u00f3n se construye dentro y fuera del aula, mediante la convivencia diaria, el respeto, la disciplina, la empat\u00eda, la responsabilidad y los valores que fortalecen el tejido social.<\/p>\n\n\n\n<p>Destac\u00f3 que el legado del magisterio permanece vivo en cada aula, en cada ni\u00f1a o ni\u00f1o que descubre su talento gracias a una maestra, y en cada joven que se impulsa a creer en s\u00ed mismo por el acompa\u00f1amiento de un docente comprometido.<\/p>\n\n\n\n<p>De igual forma, rindi\u00f3 homenaje a figuras hist\u00f3ricas como Manuel Altamirano y Juana Villalobos, record\u00e1ndolos como ejemplos de vocaci\u00f3n educativa y compromiso social, quienes dedicaron su vida a formar ciudadan\u00eda, fortalecer comunidades y llevar la educaci\u00f3n incluso a los lugares m\u00e1s apartados.<\/p>\n\n\n\n<p>Por su parte, la diputada Flora Leal M\u00e9ndez, integrante del Grupo Parlamentario de Morena, se\u00f1al\u00f3 que hablar de maestras y maestros de M\u00e9xico es hablar de quienes sostienen en silencio el futuro del pa\u00eds, incluso enfrentando condiciones dif\u00edciles, y reconoci\u00f3 que la Cuarta Transformaci\u00f3n ha impulsado una nueva visi\u00f3n de respeto hacia el magisterio.<\/p>\n\n\n\n<p>Indic\u00f3 que bajo el liderazgo de la presidenta Claudia Sheinbaum Pardo, se fortalece la ruta de dignificaci\u00f3n laboral del sector educativo, con aumentos salariales, di\u00e1logo permanente y acciones orientadas a mejorar condiciones laborales, adem\u00e1s de revisar mecanismos que por a\u00f1os generaron incertidumbre en procesos de promoci\u00f3n y asignaci\u00f3n de plazas.<\/p>\n\n\n\n<p>En su intervenci\u00f3n, el diputado Alejandro Mata Valadez reiter\u00f3 su reconocimiento al magisterio, ya que gran parte de la vida de cada persona est\u00e1 marcada por alg\u00fan maestro o maestra que influy\u00f3 positivamente con paciencia, dedicaci\u00f3n y acompa\u00f1amiento m\u00e1s all\u00e1 del horario escolar, quienes han transformado tantas vidas humanas.<\/p>\n\n\n\n<p>Asimismo, reconoci\u00f3 que a\u00fan existen pendientes en materia educativa, por lo que reafirm\u00f3 el compromiso de la 4T de seguir trabajando desde el Congreso para mejorar las condiciones laborales y materiales de las maestras y maestros de Durango y La Laguna, al considerar que su bienestar es fundamental para continuar transformando al pa\u00eds.<\/p>\n","protected":false},"excerpt":{"rendered":"<p>15 de mayo de 2026.- La docencia es una de las respuestas m\u00e1s valiosas frente a los desaf\u00edos de nuestra sociedad: Iv\u00e1n Soto. o La Cuarta Transformaci\u00f3n ha impulsado una nueva visi\u00f3n de respeto hacia el magisterio: Flora Leal. o Maestras y maestros de Durango y La Laguna son parte fundamental para continuar transformando al&#8230;<\/p>\n","protected":false},"author":1,"featured_media":4808,"comment_status":"open","ping_status":"open","sticky":false,"template":"","format":"standard","meta":{"footnotes":""},"categories":[13],"tags":[],"class_list":["post-4807","post","type-post","status-publish","format-standard","has-post-thumbnail","hentry","category-congreso-de-durango"],"_links":{"self":[{"href":"https:\/\/lagumex.mx\/index\/wp-json\/wp\/v2\/posts\/4807","targetHints":{"allow":["GET"]}}],"collection":[{"href":"https:\/\/lagumex.mx\/index\/wp-json\/wp\/v2\/posts"}],"about":[{"href":"https:\/\/lagumex.mx\/index\/wp-json\/wp\/v2\/types\/post"}],"author":[{"embeddable":true,"href":"https:\/\/lagumex.mx\/index\/wp-json\/wp\/v2\/users\/1"}],"replies":[{"embeddable":true,"href":"https:\/\/lagumex.mx\/index\/wp-json\/wp\/v2\/comments?post=4807"}],"version-history":[{"count":1,"href":"https:\/\/lagumex.mx\/index\/wp-json\/wp\/v2\/posts\/4807\/revisions"}],"predecessor-version":[{"id":4809,"href":"https:\/\/lagumex.mx\/index\/wp-json\/wp\/v2\/posts\/4807\/revisions\/4809"}],"wp:featuredmedia":[{"embeddable":true,"href":"https:\/\/lagumex.mx\/index\/wp-json\/wp\/v2\/media\/4808"}],"wp:attachment":[{"href":"https:\/\/lagumex.mx\/index\/wp-json\/wp\/v2\/media?parent=4807"}],"wp:term":[{"taxonomy":"category","embeddable":true,"href":"https:\/\/lagumex.mx\/index\/wp-json\/wp\/v2\/categories?post=4807"},{"taxonomy":"post_tag","embeddable":true,"href":"https:\/\/lagumex.mx\/index\/wp-json\/wp\/v2\/tags?post=4807"}],"curies":[{"name":"wp","href":"https:\/\/api.w.org\/{rel}","templated":true}]}}