{"id":4799,"date":"2026-05-06T15:48:59","date_gmt":"2026-05-06T15:48:59","guid":{"rendered":"https:\/\/lagumex.mx\/index\/?p=4799"},"modified":"2026-05-22T15:49:45","modified_gmt":"2026-05-22T15:49:45","slug":"llama-gaby-vazquez-a-atender-salud-mental-en-escuelas","status":"publish","type":"post","link":"https:\/\/lagumex.mx\/index\/uncategorized\/congreso-de-durango\/llama-gaby-vazquez-a-atender-salud-mental-en-escuelas\/","title":{"rendered":"Llama Gaby V\u00e1zquez a atender salud mental en escuelas"},"content":{"rendered":"\n<p>06 de mayo de 2026.- Reconoce inversi\u00f3n de 25 mdp de Esteban para que los centros educativos sean espacios seguros.<\/p>\n\n\n\n<p>\u201cLa salud mental y emocional de la ni\u00f1ez duranguense debe atenderse como una prioridad, desde la prevenci\u00f3n y con corresponsabilidad entre familias, escuelas y autoridades\u201d, afirm\u00f3 la diputada Gaby V\u00e1zquez Chac\u00f3n, ante los hechos de violencia que se han registrado en algunas escuelas.<\/p>\n\n\n\n<p>A nombre del Grupo Parlamentario del PAN, se\u00f1al\u00f3 que m\u00e1s all\u00e1 del caso espec\u00edfico en el que un menor agredi\u00f3 a dos compa\u00f1eras, lo que debe preocupar es el trasfondo social y emocional que puede estar detr\u00e1s de este tipo de conductas. \u201c\u00bfQu\u00e9 est\u00e1 pasando con nuestros j\u00f3venes?, \u00bfen qu\u00e9 momento dejamos de escuchar lo que sienten?\u201d, cuestion\u00f3.<\/p>\n\n\n\n<p>En este contexto, reconoci\u00f3 como positivo el anuncio del Gobierno del Estado sobre una inversi\u00f3n de 25 millones de pesos para fortalecer la atenci\u00f3n en salud mental, al considerar que representa un avance importante y una se\u00f1al clara de voluntad institucional para atender esta problem\u00e1tica.<\/p>\n\n\n\n<p>\u201cCuando un hijo no est\u00e1 bien, toda la familia lo resiente. Cuando una ni\u00f1a vive con miedo o un joven guarda silencio por dentro, no estamos frente a un hecho aislado, sino frente a una se\u00f1al clara de que algo no est\u00e1 bien en nuestro entorno\u201d, expres\u00f3.<\/p>\n\n\n\n<p>Asimismo, manifest\u00f3 su confianza en que este esfuerzo se traduzca en acciones concretas. \u201cEstamos seguros de que esto no se quedar\u00e1 en un anuncio, sino que se convertir\u00e1 en resultados que lleguen a las escuelas, a las colonias y, sobre todo, a las familias\u201d, puntualiz\u00f3.<\/p>\n\n\n\n<p>V\u00e1zquez Chac\u00f3n asegur\u00f3 que desde el PAN se impulsar\u00e1 una estrategia integral y permanente que coloque la salud emocional como una prioridad real en las escuelas, fortaleciendo la capacitaci\u00f3n de docentes y padres de familia para detectar se\u00f1ales tempranas como cambios de comportamiento, aislamiento o actitudes distintas.<\/p>\n\n\n\n<p>Reiter\u00f3 su respaldo a las acciones que impulsa el gobernador Esteban Villegas para que las escuelas sean espacios seguros y las familias est\u00e9n acompa\u00f1adas. \u201cHoy levantamos la voz con respeto, pero con firmeza, porque este tema no puede esperar. Se trata de lo que pasa en cada casa, de lo que sienten nuestros hijos y de la tranquilidad con la que queremos verlos crecer\u201d.<\/p>\n\n\n\n<p>Finalmente, dijo que la familia es el primer espacio donde se forman las emociones. Un hijo que se siente escuchado en casa tiene m\u00e1s posibilidades de desarrollarse con seguridad y confianza.<\/p>\n","protected":false},"excerpt":{"rendered":"<p>06 de mayo de 2026.- Reconoce inversi\u00f3n de 25 mdp de Esteban para que los centros educativos sean espacios seguros. \u201cLa salud mental y emocional de la ni\u00f1ez duranguense debe atenderse como una prioridad, desde la prevenci\u00f3n y con corresponsabilidad entre familias, escuelas y autoridades\u201d, afirm\u00f3 la diputada Gaby V\u00e1zquez Chac\u00f3n, ante los hechos de&#8230;<\/p>\n","protected":false},"author":1,"featured_media":4800,"comment_status":"open","ping_status":"open","sticky":false,"template":"","format":"standard","meta":{"footnotes":""},"categories":[13],"tags":[],"class_list":["post-4799","post","type-post","status-publish","format-standard","has-post-thumbnail","hentry","category-congreso-de-durango"],"_links":{"self":[{"href":"https:\/\/lagumex.mx\/index\/wp-json\/wp\/v2\/posts\/4799","targetHints":{"allow":["GET"]}}],"collection":[{"href":"https:\/\/lagumex.mx\/index\/wp-json\/wp\/v2\/posts"}],"about":[{"href":"https:\/\/lagumex.mx\/index\/wp-json\/wp\/v2\/types\/post"}],"author":[{"embeddable":true,"href":"https:\/\/lagumex.mx\/index\/wp-json\/wp\/v2\/users\/1"}],"replies":[{"embeddable":true,"href":"https:\/\/lagumex.mx\/index\/wp-json\/wp\/v2\/comments?post=4799"}],"version-history":[{"count":1,"href":"https:\/\/lagumex.mx\/index\/wp-json\/wp\/v2\/posts\/4799\/revisions"}],"predecessor-version":[{"id":4801,"href":"https:\/\/lagumex.mx\/index\/wp-json\/wp\/v2\/posts\/4799\/revisions\/4801"}],"wp:featuredmedia":[{"embeddable":true,"href":"https:\/\/lagumex.mx\/index\/wp-json\/wp\/v2\/media\/4800"}],"wp:attachment":[{"href":"https:\/\/lagumex.mx\/index\/wp-json\/wp\/v2\/media?parent=4799"}],"wp:term":[{"taxonomy":"category","embeddable":true,"href":"https:\/\/lagumex.mx\/index\/wp-json\/wp\/v2\/categories?post=4799"},{"taxonomy":"post_tag","embeddable":true,"href":"https:\/\/lagumex.mx\/index\/wp-json\/wp\/v2\/tags?post=4799"}],"curies":[{"name":"wp","href":"https:\/\/api.w.org\/{rel}","templated":true}]}}