{"id":4793,"date":"2026-05-11T15:46:30","date_gmt":"2026-05-11T15:46:30","guid":{"rendered":"https:\/\/lagumex.mx\/index\/?p=4793"},"modified":"2026-05-22T15:47:22","modified_gmt":"2026-05-22T15:47:22","slug":"trabajan-las-y-los-diputados-en-garantizar-derechos-de-la-ninez-y-adolescentes","status":"publish","type":"post","link":"https:\/\/lagumex.mx\/index\/uncategorized\/congreso-de-durango\/trabajan-las-y-los-diputados-en-garantizar-derechos-de-la-ninez-y-adolescentes\/","title":{"rendered":"Trabajan las y los diputados en garantizar derechos de la ni\u00f1ez y adolescentes"},"content":{"rendered":"\n<p>11 de mayo de 2026.- Las y los diputados de los distintos grupos parlamentarios representados en el Congreso del Estado, presentaron varias iniciativas buscan fortalecer la protecci\u00f3n integral de ni\u00f1as, ni\u00f1os y adolescentes, garantizando su bienestar, seguridad y desarrollo mediante reformas enfocadas en salud, educaci\u00f3n, justicia familiar y entornos escolares libres de violencia.<\/p>\n\n\n\n<p>Durante la sesi\u00f3n ordinaria y a nombre del Grupo Parlamentario del PAN, Fernando Rocha Amaro propuso reformas a la Ley de los Derechos de Ni\u00f1as, Ni\u00f1os y Adolescentes del Estado, para que desde temprana edad se ense\u00f1e a la infancia el significado del etiquetado frontal y los sellos de advertencia en alimentos y bebidas, para que puedan identificar el exceso de az\u00facares, grasas saturadas, sodio o calor\u00edas.<\/p>\n\n\n\n<p>Por su parte, a nombre del Grupo Parlamentario de Morena, Cynthia Monserrat Hern\u00e1ndez plante\u00f3 modificaciones al C\u00f3digo Penal del Estado, para tipificar de manera espec\u00edfica el delito de amenaza de violencia escolar mediante medios digitales, con el fin de atender el incremento de agresiones que afectan a estudiantes a trav\u00e9s de plataformas tecnol\u00f3gicas.<\/p>\n\n\n\n<p>En otro tema, la diputada Sughey Torres Rodr\u00edguez, a nombre del Grupo Parlamentario del PRI, propuso armonizar el C\u00f3digo Civil del Estado con enfoque de derechos humanos, para homologar criterios que deber\u00e1n aplicar las autoridades jurisdiccionales en controversias donde est\u00e9n involucrados ni\u00f1as, ni\u00f1os y adolescentes, como juicios de divorcio, guarda y custodia, reg\u00edmenes de convivencia y patria potestad.<\/p>\n\n\n\n<p>Asimismo, la diputada Gaby V\u00e1zquez, del Grupo Parlamentario del PAN, present\u00f3 la para reformar la Ley de Educaci\u00f3n del Estado, a fin de precisar conductas sancionables que impidan o limiten el normal desarrollo de las actividades escolares, como amenazas dirigidas a estudiantes o personal educativo, as\u00ed como la difusi\u00f3n de informaci\u00f3n falsa que genere temor en la comunidad. Adem\u00e1s de adecuar el C\u00f3digo Civil para que los tutores sean responsables de estos hechos.<\/p>\n\n\n\n<p>Finalmente, la diputada Nadia Mil\u00e1n, integrante de la Coalici\u00f3n Parlamentaria Cuarta Transformaci\u00f3n, propuso adecuaciones a Ley de Educaci\u00f3n del Estado para obligar a la autoridad educativa a garantizar que docentes y personal educativo cuenten con herramientas y capacidades necesarias para atender a alumnas y alumnos con trastorno del espectro autista, mediante programas de capacitaci\u00f3n, formaci\u00f3n y certificaci\u00f3n.<\/p>\n","protected":false},"excerpt":{"rendered":"<p>11 de mayo de 2026.- Las y los diputados de los distintos grupos parlamentarios representados en el Congreso del Estado, presentaron varias iniciativas buscan fortalecer la protecci\u00f3n integral de ni\u00f1as, ni\u00f1os y adolescentes, garantizando su bienestar, seguridad y desarrollo mediante reformas enfocadas en salud, educaci\u00f3n, justicia familiar y entornos escolares libres de violencia. Durante la&#8230;<\/p>\n","protected":false},"author":1,"featured_media":4794,"comment_status":"open","ping_status":"open","sticky":false,"template":"","format":"standard","meta":{"footnotes":""},"categories":[13],"tags":[],"class_list":["post-4793","post","type-post","status-publish","format-standard","has-post-thumbnail","hentry","category-congreso-de-durango"],"_links":{"self":[{"href":"https:\/\/lagumex.mx\/index\/wp-json\/wp\/v2\/posts\/4793","targetHints":{"allow":["GET"]}}],"collection":[{"href":"https:\/\/lagumex.mx\/index\/wp-json\/wp\/v2\/posts"}],"about":[{"href":"https:\/\/lagumex.mx\/index\/wp-json\/wp\/v2\/types\/post"}],"author":[{"embeddable":true,"href":"https:\/\/lagumex.mx\/index\/wp-json\/wp\/v2\/users\/1"}],"replies":[{"embeddable":true,"href":"https:\/\/lagumex.mx\/index\/wp-json\/wp\/v2\/comments?post=4793"}],"version-history":[{"count":1,"href":"https:\/\/lagumex.mx\/index\/wp-json\/wp\/v2\/posts\/4793\/revisions"}],"predecessor-version":[{"id":4795,"href":"https:\/\/lagumex.mx\/index\/wp-json\/wp\/v2\/posts\/4793\/revisions\/4795"}],"wp:featuredmedia":[{"embeddable":true,"href":"https:\/\/lagumex.mx\/index\/wp-json\/wp\/v2\/media\/4794"}],"wp:attachment":[{"href":"https:\/\/lagumex.mx\/index\/wp-json\/wp\/v2\/media?parent=4793"}],"wp:term":[{"taxonomy":"category","embeddable":true,"href":"https:\/\/lagumex.mx\/index\/wp-json\/wp\/v2\/categories?post=4793"},{"taxonomy":"post_tag","embeddable":true,"href":"https:\/\/lagumex.mx\/index\/wp-json\/wp\/v2\/tags?post=4793"}],"curies":[{"name":"wp","href":"https:\/\/api.w.org\/{rel}","templated":true}]}}