{"id":4787,"date":"2026-05-18T15:43:41","date_gmt":"2026-05-18T15:43:41","guid":{"rendered":"https:\/\/lagumex.mx\/index\/?p=4787"},"modified":"2026-05-22T15:44:54","modified_gmt":"2026-05-22T15:44:54","slug":"promueve-fernando-rocha-movilidad-incluyente-y-segura-para-todos","status":"publish","type":"post","link":"https:\/\/lagumex.mx\/index\/uncategorized\/congreso-de-durango\/promueve-fernando-rocha-movilidad-incluyente-y-segura-para-todos\/","title":{"rendered":"Promueve Fernando Rocha movilidad incluyente y segura para todos"},"content":{"rendered":"\n<p>18 de mayo de 2026.- A nombre del Grupo Parlamentario del PAN, el diputado Fernando Rocha Amaro propuso reformas a la Ley de Movilidad y Seguridad Vial para el Estado, para garantizar que todas las personas puedan desplazarse con libertad, seguridad y dignidad.<\/p>\n\n\n\n<p>\u201cPensemos en una mam\u00e1 con carriola que no puede avanzar porque un veh\u00edculo bloquea la banqueta; o en una persona mayor que no alcanza a cruzar una avenida por falta de sem\u00e1foros adecuados; o en alguien con discapacidad que no puede subir a una banqueta por falta de rampas\u201d, expres\u00f3.<\/p>\n\n\n\n<p>Durante su intervenci\u00f3n, el legislador se\u00f1al\u00f3 que para muchas familias duranguenses algo tan cotidiano como caminar por la banqueta, cruzar una calle o utilizar el transporte p\u00fablico, sigue siendo un reto diario, especialmente para personas con discapacidad, adultos mayores, ni\u00f1as, ni\u00f1os y mujeres.<\/p>\n\n\n\n<p>Rocha Amaro subray\u00f3 que la iniciativa busca fortalecer la accesibilidad universal, para que calles, banquetas, rampas, transporte y espacios p\u00fablicos est\u00e9n dise\u00f1ados para todas las personas, reconociendo que en alg\u00fan momento cualquiera puede enfrentar movilidad limitada.<\/p>\n\n\n\n<p>Asimismo, destac\u00f3 que se busca fomentar una verdadera cultura de respeto en la movilidad, promoviendo conciencia ciudadana sobre acciones que afectan directamente la dignidad de quienes m\u00e1s lo necesitan, como invadir cajones exclusivos, bloquear rampas o impedir el paso peatonal.<\/p>\n\n\n\n<p>Adem\u00e1s, se busca impulsar que las decisiones en materia de movilidad se tomen con base en datos, evidencia y la realidad social, evitando planear desde el escritorio sin escuchar a quienes viven diariamente los problemas en la calle.<\/p>\n\n\n\n<p>De la misma manera, se contempla reforzar medidas para proteger la seguridad de mujeres, ni\u00f1as y adolescentes en la v\u00eda p\u00fablica, garantizando que moverse por la ciudad sea un derecho sin miedo, y fortaleciendo el papel de los municipios en la construcci\u00f3n de una movilidad incluyente, ordenada y respetuosa.<\/p>\n\n\n\n<p>\u201cEsto no se trata solo de modificar art\u00edculos, se trata de cambiar la forma en que vivimos nuestra ciudad y construir un Durango donde nadie se quede atr\u00e1s\u201d, afirm\u00f3.<\/p>\n\n\n\n<p>Finalmente, reiter\u00f3 que desde el PAN y como \u201cDiputados en Acci\u00f3n\u201d, continuar\u00e1n impulsando reformas que se reflejen en la vida diaria de las personas, promoviendo un Durango m\u00e1s humano, justo y accesible para todas y todos.<\/p>\n","protected":false},"excerpt":{"rendered":"<p>18 de mayo de 2026.- A nombre del Grupo Parlamentario del PAN, el diputado Fernando Rocha Amaro propuso reformas a la Ley de Movilidad y Seguridad Vial para el Estado, para garantizar que todas las personas puedan desplazarse con libertad, seguridad y dignidad. \u201cPensemos en una mam\u00e1 con carriola que no puede avanzar porque un&#8230;<\/p>\n","protected":false},"author":1,"featured_media":4788,"comment_status":"open","ping_status":"open","sticky":false,"template":"","format":"standard","meta":{"footnotes":""},"categories":[13],"tags":[],"class_list":["post-4787","post","type-post","status-publish","format-standard","has-post-thumbnail","hentry","category-congreso-de-durango"],"_links":{"self":[{"href":"https:\/\/lagumex.mx\/index\/wp-json\/wp\/v2\/posts\/4787","targetHints":{"allow":["GET"]}}],"collection":[{"href":"https:\/\/lagumex.mx\/index\/wp-json\/wp\/v2\/posts"}],"about":[{"href":"https:\/\/lagumex.mx\/index\/wp-json\/wp\/v2\/types\/post"}],"author":[{"embeddable":true,"href":"https:\/\/lagumex.mx\/index\/wp-json\/wp\/v2\/users\/1"}],"replies":[{"embeddable":true,"href":"https:\/\/lagumex.mx\/index\/wp-json\/wp\/v2\/comments?post=4787"}],"version-history":[{"count":1,"href":"https:\/\/lagumex.mx\/index\/wp-json\/wp\/v2\/posts\/4787\/revisions"}],"predecessor-version":[{"id":4789,"href":"https:\/\/lagumex.mx\/index\/wp-json\/wp\/v2\/posts\/4787\/revisions\/4789"}],"wp:featuredmedia":[{"embeddable":true,"href":"https:\/\/lagumex.mx\/index\/wp-json\/wp\/v2\/media\/4788"}],"wp:attachment":[{"href":"https:\/\/lagumex.mx\/index\/wp-json\/wp\/v2\/media?parent=4787"}],"wp:term":[{"taxonomy":"category","embeddable":true,"href":"https:\/\/lagumex.mx\/index\/wp-json\/wp\/v2\/categories?post=4787"},{"taxonomy":"post_tag","embeddable":true,"href":"https:\/\/lagumex.mx\/index\/wp-json\/wp\/v2\/tags?post=4787"}],"curies":[{"name":"wp","href":"https:\/\/api.w.org\/{rel}","templated":true}]}}