{"id":4757,"date":"2026-05-17T16:42:51","date_gmt":"2026-05-17T16:42:51","guid":{"rendered":"https:\/\/lagumex.mx\/index\/?p=4757"},"modified":"2026-05-18T16:47:41","modified_gmt":"2026-05-18T16:47:41","slug":"los-ataques-en-redes-a-la-alcaldesa-betzabe-martinez-demuestra-que-seguimos-atrasados-imm-gomez-palacio","status":"publish","type":"post","link":"https:\/\/lagumex.mx\/index\/gomez-palacio\/los-ataques-en-redes-a-la-alcaldesa-betzabe-martinez-demuestra-que-seguimos-atrasados-imm-gomez-palacio\/","title":{"rendered":"Los ataques en redes a la alcaldesa Betzab\u00e9 Mart\u00ednez, demuestra que seguimos atrasados: IMM G\u00f3mez Palacio"},"content":{"rendered":"\n<p>17 de mayo de 2026.- Los ataques en redes a la alcaldesa Betzab\u00e9 Mart\u00ednez, demuestra que seguimos atrasados: IMM G\u00f3mez Palacio. La funcionaria destac\u00f3 que hoy en d\u00eda las mujeres tienen la oportunidad de ocupar espacios, sin embargo esos logros terminan por ser denigrados por el hecho de ser mujeres, y\u00a0<strong>\u201ceso es violencia\u201d,<\/strong>\u00a0recalc\u00f3. Se\u00f1al\u00f3 adem\u00e1s que uno de los temas por los que ha sido criticada la edil de forma reiterada, es por el uso de sus redes sociales, cuando la mayor\u00eda hace uso de redes como Tik Tok, Instagram o Facebook.. <strong>El que la alcaldesa Betzab\u00e9 Mart\u00ednez Arango sea v\u00edctima de ataques en redes sociales, sujeto de memes y dem\u00e1s, adem\u00e1s de ser violencia pol\u00edtica en raz\u00f3n de g\u00e9nero, \u201ces un tema de cultura y eso nos demuestra que seguimos atrasados y seguimos enraizados en esa violencia de g\u00e9nero\u201d, dijo la titular del Instituto Municipal de la Mujer, Betsi Vargas.<\/strong><\/p>\n","protected":false},"excerpt":{"rendered":"<p>17 de mayo de 2026.- Los ataques en redes a la alcaldesa Betzab\u00e9 Mart\u00ednez, demuestra que seguimos atrasados: IMM G\u00f3mez Palacio. La funcionaria destac\u00f3 que hoy en d\u00eda las mujeres tienen la oportunidad de ocupar espacios, sin embargo esos logros terminan por ser denigrados por el hecho de ser mujeres, y\u00a0\u201ceso es violencia\u201d,\u00a0recalc\u00f3. Se\u00f1al\u00f3 adem\u00e1s&#8230;<\/p>\n","protected":false},"author":1,"featured_media":4758,"comment_status":"open","ping_status":"open","sticky":false,"template":"","format":"standard","meta":{"footnotes":""},"categories":[12],"tags":[],"class_list":["post-4757","post","type-post","status-publish","format-standard","has-post-thumbnail","hentry","category-gomez-palacio"],"_links":{"self":[{"href":"https:\/\/lagumex.mx\/index\/wp-json\/wp\/v2\/posts\/4757","targetHints":{"allow":["GET"]}}],"collection":[{"href":"https:\/\/lagumex.mx\/index\/wp-json\/wp\/v2\/posts"}],"about":[{"href":"https:\/\/lagumex.mx\/index\/wp-json\/wp\/v2\/types\/post"}],"author":[{"embeddable":true,"href":"https:\/\/lagumex.mx\/index\/wp-json\/wp\/v2\/users\/1"}],"replies":[{"embeddable":true,"href":"https:\/\/lagumex.mx\/index\/wp-json\/wp\/v2\/comments?post=4757"}],"version-history":[{"count":1,"href":"https:\/\/lagumex.mx\/index\/wp-json\/wp\/v2\/posts\/4757\/revisions"}],"predecessor-version":[{"id":4759,"href":"https:\/\/lagumex.mx\/index\/wp-json\/wp\/v2\/posts\/4757\/revisions\/4759"}],"wp:featuredmedia":[{"embeddable":true,"href":"https:\/\/lagumex.mx\/index\/wp-json\/wp\/v2\/media\/4758"}],"wp:attachment":[{"href":"https:\/\/lagumex.mx\/index\/wp-json\/wp\/v2\/media?parent=4757"}],"wp:term":[{"taxonomy":"category","embeddable":true,"href":"https:\/\/lagumex.mx\/index\/wp-json\/wp\/v2\/categories?post=4757"},{"taxonomy":"post_tag","embeddable":true,"href":"https:\/\/lagumex.mx\/index\/wp-json\/wp\/v2\/tags?post=4757"}],"curies":[{"name":"wp","href":"https:\/\/api.w.org\/{rel}","templated":true}]}}