{"id":4740,"date":"2026-04-06T19:05:00","date_gmt":"2026-04-06T19:05:00","guid":{"rendered":"https:\/\/lagumex.mx\/index\/?p=4740"},"modified":"2026-05-07T19:06:52","modified_gmt":"2026-05-07T19:06:52","slug":"impulsa-alejandro-mojica-iniciativa-para-que-ninez-crezca-en-un-hogar","status":"publish","type":"post","link":"https:\/\/lagumex.mx\/index\/uncategorized\/congreso-de-durango\/impulsa-alejandro-mojica-iniciativa-para-que-ninez-crezca-en-un-hogar\/","title":{"rendered":"Impulsa Alejandro Mojica iniciativa para que ni\u00f1ez crezca en un hogar"},"content":{"rendered":"\n<p>06 de abril de 2026.- Con el compromiso de garantizar el derecho de la ni\u00f1ez a crecer en un entorno familiar, el diputado Alejandro Mojica Narvaez, present\u00f3 la iniciativa para fortalecer el modelo de familias de acogida en Durango, mediante apoyos directos y acompa\u00f1amiento institucional por parte de los sistemas DIF.<\/p>\n\n\n\n<p>Durante su intervenci\u00f3n, el coordinador del Grupo Parlamentario del PAN, destac\u00f3 que toda ni\u00f1a, ni\u00f1o y adolescente tiene un derecho fundamental: crecer en familia, ya que es en el hogar donde se construyen valores, confianza, estabilidad emocional y sentido de pertenencia.<\/p>\n\n\n\n<p>\u201cCuando una ni\u00f1a o un ni\u00f1o tiene familia, tiene una base firme para salir adelante. Sin embargo, miles de menores en nuestro pa\u00eds viven sin el calor de un hogar, esperando una oportunidad de ser queridos\u201d, expres\u00f3.<\/p>\n\n\n\n<p>Mojica Narvaez se\u00f1al\u00f3 que en Durango existen menores bajo resguardo institucional y que, aunque algunas familias solidarias los reciben temporalmente, muchas enfrentan gastos y responsabilidades que dificultan mantener ese apoyo, por lo que es indispensable respaldarlas desde el Estado.<\/p>\n\n\n\n<p>En ese sentido, explic\u00f3 que la propuesta de reformas a la Ley de los Derechos de las Ni\u00f1as, Ni\u00f1os y Adolescentes y a la Ley de Adopciones contempla que los sistemas DIF puedan otorgar apoyos en numerario o en especie a las familias de acogida durante el tiempo que tengan bajo su cuidado a una ni\u00f1a, ni\u00f1o o adolescente.<\/p>\n\n\n\n<p>\u201cEl objetivo no es pagar por cuidar, sino apoyar para que ese cuidado sea posible, digno y sostenible, y para que esta figura crezca en todo el estado\u201d, puntualiz\u00f3.<\/p>\n\n\n\n<p>Adem\u00e1s, la iniciativa plantea que estas familias sean incorporadas a la pol\u00edtica de desarrollo social del estado, reconoci\u00e9ndolas como un grupo prioritario para acceder a programas sociales estatales y municipales.<\/p>\n\n\n\n<p>De igual forma, busca dar mayor certeza jur\u00eddica al proceso mediante la incorporaci\u00f3n plena de estas figuras reconociendo tanto a las familias de acogida como a las de acogimiento preadoptivo, con el prop\u00f3sito de garantizar procedimientos m\u00e1s claros, ordenados y humanos.<\/p>\n\n\n\n<p>\u201cCuando apoyamos a una familia de acogida, no solo ayudamos a quien cuida, estamos cambiando la vida de quienes cuidado. Hoy tenemos la oportunidad de construir un Durango donde ninguna ni\u00f1a y ning\u00fan ni\u00f1o se sienta solo\u201d, finaliz\u00f3 el representante popular.<\/p>\n","protected":false},"excerpt":{"rendered":"<p>06 de abril de 2026.- Con el compromiso de garantizar el derecho de la ni\u00f1ez a crecer en un entorno familiar, el diputado Alejandro Mojica Narvaez, present\u00f3 la iniciativa para fortalecer el modelo de familias de acogida en Durango, mediante apoyos directos y acompa\u00f1amiento institucional por parte de los sistemas DIF. Durante su intervenci\u00f3n, el&#8230;<\/p>\n","protected":false},"author":1,"featured_media":4741,"comment_status":"open","ping_status":"open","sticky":false,"template":"","format":"standard","meta":{"footnotes":""},"categories":[13],"tags":[],"class_list":["post-4740","post","type-post","status-publish","format-standard","has-post-thumbnail","hentry","category-congreso-de-durango"],"_links":{"self":[{"href":"https:\/\/lagumex.mx\/index\/wp-json\/wp\/v2\/posts\/4740","targetHints":{"allow":["GET"]}}],"collection":[{"href":"https:\/\/lagumex.mx\/index\/wp-json\/wp\/v2\/posts"}],"about":[{"href":"https:\/\/lagumex.mx\/index\/wp-json\/wp\/v2\/types\/post"}],"author":[{"embeddable":true,"href":"https:\/\/lagumex.mx\/index\/wp-json\/wp\/v2\/users\/1"}],"replies":[{"embeddable":true,"href":"https:\/\/lagumex.mx\/index\/wp-json\/wp\/v2\/comments?post=4740"}],"version-history":[{"count":1,"href":"https:\/\/lagumex.mx\/index\/wp-json\/wp\/v2\/posts\/4740\/revisions"}],"predecessor-version":[{"id":4742,"href":"https:\/\/lagumex.mx\/index\/wp-json\/wp\/v2\/posts\/4740\/revisions\/4742"}],"wp:featuredmedia":[{"embeddable":true,"href":"https:\/\/lagumex.mx\/index\/wp-json\/wp\/v2\/media\/4741"}],"wp:attachment":[{"href":"https:\/\/lagumex.mx\/index\/wp-json\/wp\/v2\/media?parent=4740"}],"wp:term":[{"taxonomy":"category","embeddable":true,"href":"https:\/\/lagumex.mx\/index\/wp-json\/wp\/v2\/categories?post=4740"},{"taxonomy":"post_tag","embeddable":true,"href":"https:\/\/lagumex.mx\/index\/wp-json\/wp\/v2\/tags?post=4740"}],"curies":[{"name":"wp","href":"https:\/\/api.w.org\/{rel}","templated":true}]}}