{"id":4717,"date":"2026-05-03T15:06:17","date_gmt":"2026-05-03T15:06:17","guid":{"rendered":"https:\/\/lagumex.mx\/index\/?p=4717"},"modified":"2026-05-06T15:07:48","modified_gmt":"2026-05-06T15:07:48","slug":"concluye-con-gran-exito-la-feria-internacional-del-libro-coahuila-2026-en-arteaga","status":"publish","type":"post","link":"https:\/\/lagumex.mx\/index\/uncategorized\/uac\/uac-uac\/coahuila-coahuila\/concluye-con-gran-exito-la-feria-internacional-del-libro-coahuila-2026-en-arteaga\/","title":{"rendered":"Concluye con gran \u00e9xito la Feria Internacional del Libro Coahuila 2026 en Arteaga"},"content":{"rendered":"\n<p>03 de mayo de 2026, <strong>Arteaga, Coahuila de Zaragoza<\/strong>.- Registra m\u00e1s de 150 mil visitantes y se prepara para su siguiente cap\u00edtulo en Torre\u00f3n<\/p>\n\n\n\n<p>La Feria Internacional del Libro Coahuila 2026 concluy\u00f3 con \u00e9xito en su sede de Arteaga, reafirm\u00e1ndose como uno de los acontecimientos culturales relevantes del norte de M\u00e9xico y posicionando nuevamente a Coahuila como referente nacional en la promoci\u00f3n de la lectura, el arte y la cultura., continuando su etapa en Torre\u00f3n, del 8 al 17 de mayo.<\/p>\n\n\n\n<p>Durante esta edici\u00f3n, m\u00e1s de 150 mil visitantes recorrieron la Feria y disfrutaron de una programaci\u00f3n integrada por alrededor de 300 actividades entre eventos deportivos, presentaciones art\u00edsticas y culturales, adem\u00e1s de una s\u00f3lida agenda literaria, acad\u00e9mica, cient\u00edfica y formativa dirigida a p\u00fablicos de todas las edades. Los asistentes pudieron elegir su libro favorito entre cerca de 60 toneladas de ejemplares distribuidos en 130 stands, generando una derrama econ\u00f3mica estimada en 30 millones de pesos.<\/p>\n\n\n\n<p>A esta celebraci\u00f3n se sum\u00f3 la participaci\u00f3n de mil personas entre escritores, presentadores de libros, actores, m\u00fasicos, bailarines, talleristas, promotores de lectura, especialistas y agentes culturales, quienes enriquecieron cada jornada con su talento y experiencia. Destac\u00f3 tambi\u00e9n la participaci\u00f3n de 15 clubes de lectura a trav\u00e9s del programa \u201cAdopta un Escritor\u201d, iniciativa que fortaleci\u00f3 el di\u00e1logo entre autoras, autores y comunidades lectoras mediante encuentros cercanos en torno a la palabra, la reflexi\u00f3n compartida y el amor por los libros.<\/p>\n\n\n\n<p>Uno de los ejes significativos fue el programa dedicado a la ni\u00f1ez y la juventud, con m\u00e1s de mil sesiones y la atenci\u00f3n de 25 mil estudiantes, consolidando a la FILC como un punto de formaci\u00f3n integral donde convergen lectura, arte, ciencia, tecnolog\u00eda y desarrollo socioemocional.<\/p>\n\n\n\n<p>Sobresalieron espacios como el Sal\u00f3n de la Poes\u00eda para la ni\u00f1ez y la adolescencia, concebido como un refugio creativo para acercar a las infancias al lenguaje po\u00e9tico desde la imaginaci\u00f3n, la ilustraci\u00f3n, la palabra y el juego; as\u00ed como las Jornadas de edici\u00f3n independiente, que dieron visibilidad al trabajo de creadoras, creadores y agentes culturales coahuilenses.<\/p>\n\n\n\n<p>Asimismo, el Pabell\u00f3n Inspira destac\u00f3 como una de las propuestas valiosas de esta edici\u00f3n al ofrecer un \u00e1rea dedicada al bienestar emocional de ni\u00f1as, ni\u00f1os y adolescentes. Mediante din\u00e1micas participativas, actividades l\u00fadicas y experiencias formativas, se brindaron herramientas para reconocer, expresar y gestionar saludablemente las emociones, fortaleciendo as\u00ed la visi\u00f3n integral de la Feria al recordar que formar lectores tambi\u00e9n implica acompa\u00f1ar el desarrollo humano y cultivar la sensibilidad.<\/p>\n\n\n\n<p>De igual manera, el Pabell\u00f3n Coahuila Pa\u2019l Mundo se convirti\u00f3 en uno de los principales puntos de convivencia familiar al reunir cultura, deporte y comunidad en una propuesta din\u00e1mica e interactiva. Actividades como futbolito infantil, tiro penal, concurso de dominadas, freestyle, loter\u00eda futbolera, talleres creativos, firma de aut\u00f3grafos con integrantes de Dinos Saltillo, la cascarita 5&#215;5 y la presencia de personalidades como Arturo Brizio y Miguel \u00c1ngel D\u00edaz, permitieron que ni\u00f1as, ni\u00f1os, j\u00f3venes y adultos vivieran la Feria desde la alegr\u00eda, el juego y la construcci\u00f3n de experiencias compartidas. La Secretar\u00eda de Cultura reconoce especialmente la colaboraci\u00f3n del Instituto Estatal del Deporte de Coahuila (INEDEC), cuyo respaldo fue fundamental para enriquecer esta propuesta.<\/p>\n\n\n\n<p>Con Espa\u00f1a como pa\u00eds invitado, la FILC 2026 vivi\u00f3 uno de sus momentos m\u00e1s enriquecedores en materia de intercambio cultural y literario, gracias a la participaci\u00f3n de 15 destacadas personalidades espa\u00f1olas, cuya presencia fortaleci\u00f3 la vocaci\u00f3n internacional de la Feria y propici\u00f3 un di\u00e1logo fecundo entre tradiciones, miradas y expresiones art\u00edsticas. A ello se sum\u00f3 la participaci\u00f3n de escritoras, escritores y promotores culturales de Argentina, Brasil, Chile, Colombia, Ecuador, Estados Unidos y Uruguay, ampliando la diversidad de voces y enriqueciendo el horizonte literario de esta edici\u00f3n.<\/p>\n","protected":false},"excerpt":{"rendered":"<p>03 de mayo de 2026, Arteaga, Coahuila de Zaragoza.- Registra m\u00e1s de 150 mil visitantes y se prepara para su siguiente cap\u00edtulo en Torre\u00f3n La Feria Internacional del Libro Coahuila 2026 concluy\u00f3 con \u00e9xito en su sede de Arteaga, reafirm\u00e1ndose como uno de los acontecimientos culturales relevantes del norte de M\u00e9xico y posicionando nuevamente a&#8230;<\/p>\n","protected":false},"author":1,"featured_media":4718,"comment_status":"open","ping_status":"open","sticky":false,"template":"","format":"standard","meta":{"footnotes":""},"categories":[2],"tags":[],"class_list":["post-4717","post","type-post","status-publish","format-standard","has-post-thumbnail","hentry","category-coahuila-coahuila"],"_links":{"self":[{"href":"https:\/\/lagumex.mx\/index\/wp-json\/wp\/v2\/posts\/4717","targetHints":{"allow":["GET"]}}],"collection":[{"href":"https:\/\/lagumex.mx\/index\/wp-json\/wp\/v2\/posts"}],"about":[{"href":"https:\/\/lagumex.mx\/index\/wp-json\/wp\/v2\/types\/post"}],"author":[{"embeddable":true,"href":"https:\/\/lagumex.mx\/index\/wp-json\/wp\/v2\/users\/1"}],"replies":[{"embeddable":true,"href":"https:\/\/lagumex.mx\/index\/wp-json\/wp\/v2\/comments?post=4717"}],"version-history":[{"count":1,"href":"https:\/\/lagumex.mx\/index\/wp-json\/wp\/v2\/posts\/4717\/revisions"}],"predecessor-version":[{"id":4719,"href":"https:\/\/lagumex.mx\/index\/wp-json\/wp\/v2\/posts\/4717\/revisions\/4719"}],"wp:featuredmedia":[{"embeddable":true,"href":"https:\/\/lagumex.mx\/index\/wp-json\/wp\/v2\/media\/4718"}],"wp:attachment":[{"href":"https:\/\/lagumex.mx\/index\/wp-json\/wp\/v2\/media?parent=4717"}],"wp:term":[{"taxonomy":"category","embeddable":true,"href":"https:\/\/lagumex.mx\/index\/wp-json\/wp\/v2\/categories?post=4717"},{"taxonomy":"post_tag","embeddable":true,"href":"https:\/\/lagumex.mx\/index\/wp-json\/wp\/v2\/tags?post=4717"}],"curies":[{"name":"wp","href":"https:\/\/api.w.org\/{rel}","templated":true}]}}