{"id":4712,"date":"2026-04-17T14:54:00","date_gmt":"2026-04-17T14:54:00","guid":{"rendered":"https:\/\/lagumex.mx\/index\/?p=4712"},"modified":"2026-05-06T14:56:46","modified_gmt":"2026-05-06T14:56:46","slug":"invitan-a-participar-en-el-cabildo-infantil-2026","status":"publish","type":"post","link":"https:\/\/lagumex.mx\/index\/lerdo\/invitan-a-participar-en-el-cabildo-infantil-2026\/","title":{"rendered":"Invitan a participar en el Cabildo Infantil 2026"},"content":{"rendered":"\n<p>17 de abril de 2026.- El Ayuntamiento de Lerdo difundi\u00f3 la convocatoria para participar en el Cabildo Infantil 2026, misma que est\u00e1 dirigida a ni\u00f1as y ni\u00f1os del Municipio que cursan el quinto y sexto grado de primaria, con el fin de fomentar la participaci\u00f3n ciudadana desde la ni\u00f1ez, fortaleciendo la cultura democr\u00e1tica el pensamiento cr\u00edtico y el conocimiento de las funciones del Gobierno municipal.Pueden participar estudiantes nacidos en Lerdo o con residencia mayor de cinco a\u00f1os, inscritos en instituciones educativas p\u00fablicas o privadas del Municipio que cuenten con autorizaci\u00f3n expresa de madre, padre o tutor. El Cabildo Infantil, estar\u00e1 integrado por un presidente (a) municipal, sindico (a), 15 regidores (as) y secretario (a) del Ayuntamiento.Quienes tengan inter\u00e9s en la convocatoria deber\u00e1n realizar un video de m\u00e1ximo tres minutos donde presenten propuestas municipales en beneficio de la ciudadan\u00eda de Lerdo, con las siguientes tem\u00e1ticas: Medio ambiente, Educaci\u00f3n, Turismo, Arte y Cultura, Bienestar Infantil, Convivencia Socia e Inclusi\u00f3n.El trabajo, deber\u00e1 caracterizarse por su originalidad e innovaci\u00f3n, reflejando ideas propias que aporten valor y una visi\u00f3n fresca abordando temas que incidan en la vida cotidiana de la comunidad. Se privilegiar\u00e1 un enfoque democr\u00e1tico propositivo, orientado a plantear alternativas de soluci\u00f3n claras, viables y pertinentes para el contexto del municipio, adem\u00e1s de que el lenguaje utilizado deber\u00e1 ser claro e incluyente. Las y los participantes, deber\u00e1n entregar formato de registro firmado, formato de autorizaci\u00f3n del padre, madre o tutor, copia de acta de nacimiento, copia de identificaci\u00f3n oficial del padre, madre o tutor, y trabajo de participaci\u00f3n (video y ensayo). Para realizar el registro, tienen que acudir a la Secretar\u00eda del Ayuntamiento, ubicada en calle Francisco Sarabia, n\u00famero 3 Norte. El periodo de recepci\u00f3n se estableci\u00f3 del 16 al 24 de abril, a las 15:59 horas. El Comit\u00e9 Evaluador, estar\u00e1 integrado por la Comisi\u00f3n de Educaci\u00f3n del Cabildo que preside la regidora Ma. Idalia del Socorro Espinoza Meraz y los resultados ser\u00e1n publicados en medios oficiales del Ayuntamiento. La sesi\u00f3n del Cabildo Infantil, se llevar\u00e1 a cabo el mi\u00e9rcoles 29 de abril en el teatro Hermila Galindo, donde los ni\u00f1os y ni\u00f1as seleccionados, presentar\u00e1n sus propuestas, deliberar\u00e1n simb\u00f3licamente y emitir\u00e1n acuerdos representativos. El Municipio, les otorgar\u00e1 una constancia de participaci\u00f3n, reconocimiento oficial y algunos incentivos.<\/p>\n","protected":false},"excerpt":{"rendered":"<p>17 de abril de 2026.- El Ayuntamiento de Lerdo difundi\u00f3 la convocatoria para participar en el Cabildo Infantil 2026, misma que est\u00e1 dirigida a ni\u00f1as y ni\u00f1os del Municipio que cursan el quinto y sexto grado de primaria, con el fin de fomentar la participaci\u00f3n ciudadana desde la ni\u00f1ez, fortaleciendo la cultura democr\u00e1tica el pensamiento&#8230;<\/p>\n","protected":false},"author":1,"featured_media":4713,"comment_status":"open","ping_status":"open","sticky":false,"template":"","format":"standard","meta":{"footnotes":""},"categories":[3],"tags":[],"class_list":["post-4712","post","type-post","status-publish","format-standard","has-post-thumbnail","hentry","category-lerdo"],"_links":{"self":[{"href":"https:\/\/lagumex.mx\/index\/wp-json\/wp\/v2\/posts\/4712","targetHints":{"allow":["GET"]}}],"collection":[{"href":"https:\/\/lagumex.mx\/index\/wp-json\/wp\/v2\/posts"}],"about":[{"href":"https:\/\/lagumex.mx\/index\/wp-json\/wp\/v2\/types\/post"}],"author":[{"embeddable":true,"href":"https:\/\/lagumex.mx\/index\/wp-json\/wp\/v2\/users\/1"}],"replies":[{"embeddable":true,"href":"https:\/\/lagumex.mx\/index\/wp-json\/wp\/v2\/comments?post=4712"}],"version-history":[{"count":1,"href":"https:\/\/lagumex.mx\/index\/wp-json\/wp\/v2\/posts\/4712\/revisions"}],"predecessor-version":[{"id":4714,"href":"https:\/\/lagumex.mx\/index\/wp-json\/wp\/v2\/posts\/4712\/revisions\/4714"}],"wp:featuredmedia":[{"embeddable":true,"href":"https:\/\/lagumex.mx\/index\/wp-json\/wp\/v2\/media\/4713"}],"wp:attachment":[{"href":"https:\/\/lagumex.mx\/index\/wp-json\/wp\/v2\/media?parent=4712"}],"wp:term":[{"taxonomy":"category","embeddable":true,"href":"https:\/\/lagumex.mx\/index\/wp-json\/wp\/v2\/categories?post=4712"},{"taxonomy":"post_tag","embeddable":true,"href":"https:\/\/lagumex.mx\/index\/wp-json\/wp\/v2\/tags?post=4712"}],"curies":[{"name":"wp","href":"https:\/\/api.w.org\/{rel}","templated":true}]}}