{"id":4710,"date":"2026-04-23T14:52:00","date_gmt":"2026-04-23T14:52:00","guid":{"rendered":"https:\/\/lagumex.mx\/index\/?p=4710"},"modified":"2026-05-06T14:53:47","modified_gmt":"2026-05-06T14:53:47","slug":"regidores-de-lerdo-aprueban-dos-dias-de-asueto-para-funcionarios-municipales","status":"publish","type":"post","link":"https:\/\/lagumex.mx\/index\/lerdo\/regidores-de-lerdo-aprueban-dos-dias-de-asueto-para-funcionarios-municipales\/","title":{"rendered":"Regidores de Lerdo aprueban dos d\u00edas de asueto para funcionarios municipales"},"content":{"rendered":"\n<p>23 de abril de 2026.-<strong>Por unanimidad, el Cabildo de Lerdo aprob\u00f3 este jueves declarar como d\u00edas de asueto para la administraci\u00f3n p\u00fablica municipal los d\u00edas 4 y 5 de mayo de 2026, lo que significa que habr\u00e1 megapuente pues previamente, el viernes primero de mayo, es descanso obligatorio en conmemoraci\u00f3n por el D\u00eda del Trabajo.<\/strong> Durante la sesi\u00f3n ordinaria n\u00famero 28, celebrada en el Lobby del Teatro Hermila Galindo, se dio a conocer que las actividades en el ayuntamiento se reanudar\u00e1n hasta el pr\u00f3ximo mi\u00e9rcoles 6 de mayo, debiendo garantizarse en todo momento la prestaci\u00f3n de los servicios p\u00fablicos esenciales mediante la implementaci\u00f3n de guardias por parte de las dependencias correspondientes. Cabe hacer menci\u00f3n, que en d\u00edas recientes, el gobernador de Durango, Esteban Villegas Villarreal de nueva cuenta anunci\u00f3 el \u201ccalendario m\u00e1gico\u201d, que conlleva la suspensi\u00f3n de actividades los d\u00edas 1, 4 y 5 de mayo para estudiantes, personal docente y dem\u00e1s trabajadores del Estado. De acuerdo al calendario escolar 2025-2026, el 5 de mayo hay suspensi\u00f3n de labores docentes por la conmemoraci\u00f3n de la Batalla de Puebla; sin embargo, y a diferencia del 1 de mayo, no est\u00e1 considerado como d\u00eda de asueto en la Ley Federal del Trabajo.<\/p>\n","protected":false},"excerpt":{"rendered":"<p>23 de abril de 2026.-Por unanimidad, el Cabildo de Lerdo aprob\u00f3 este jueves declarar como d\u00edas de asueto para la administraci\u00f3n p\u00fablica municipal los d\u00edas 4 y 5 de mayo de 2026, lo que significa que habr\u00e1 megapuente pues previamente, el viernes primero de mayo, es descanso obligatorio en conmemoraci\u00f3n por el D\u00eda del Trabajo&#8230;.<\/p>\n","protected":false},"author":1,"featured_media":0,"comment_status":"open","ping_status":"open","sticky":false,"template":"","format":"standard","meta":{"footnotes":""},"categories":[3],"tags":[],"class_list":["post-4710","post","type-post","status-publish","format-standard","hentry","category-lerdo"],"_links":{"self":[{"href":"https:\/\/lagumex.mx\/index\/wp-json\/wp\/v2\/posts\/4710","targetHints":{"allow":["GET"]}}],"collection":[{"href":"https:\/\/lagumex.mx\/index\/wp-json\/wp\/v2\/posts"}],"about":[{"href":"https:\/\/lagumex.mx\/index\/wp-json\/wp\/v2\/types\/post"}],"author":[{"embeddable":true,"href":"https:\/\/lagumex.mx\/index\/wp-json\/wp\/v2\/users\/1"}],"replies":[{"embeddable":true,"href":"https:\/\/lagumex.mx\/index\/wp-json\/wp\/v2\/comments?post=4710"}],"version-history":[{"count":1,"href":"https:\/\/lagumex.mx\/index\/wp-json\/wp\/v2\/posts\/4710\/revisions"}],"predecessor-version":[{"id":4711,"href":"https:\/\/lagumex.mx\/index\/wp-json\/wp\/v2\/posts\/4710\/revisions\/4711"}],"wp:attachment":[{"href":"https:\/\/lagumex.mx\/index\/wp-json\/wp\/v2\/media?parent=4710"}],"wp:term":[{"taxonomy":"category","embeddable":true,"href":"https:\/\/lagumex.mx\/index\/wp-json\/wp\/v2\/categories?post=4710"},{"taxonomy":"post_tag","embeddable":true,"href":"https:\/\/lagumex.mx\/index\/wp-json\/wp\/v2\/tags?post=4710"}],"curies":[{"name":"wp","href":"https:\/\/api.w.org\/{rel}","templated":true}]}}