{"id":4708,"date":"2026-04-28T14:51:00","date_gmt":"2026-04-28T14:51:00","guid":{"rendered":"https:\/\/lagumex.mx\/index\/?p=4708"},"modified":"2026-05-06T14:52:20","modified_gmt":"2026-05-06T14:52:20","slug":"evaluan-viabilidad-para-reparar-edificio-de-presidencia-en-lerdo","status":"publish","type":"post","link":"https:\/\/lagumex.mx\/index\/lerdo\/evaluan-viabilidad-para-reparar-edificio-de-presidencia-en-lerdo\/","title":{"rendered":"Eval\u00faan viabilidad para reparar edificio de presidencia en Lerdo"},"content":{"rendered":"\n<p>28 de abril de 2026.- La alcaldesa Susy Carolina Torrecillas Salazar dijo que, una vez que se determine la viabilidad financiera, le solicitar\u00e1n a personal del Instituto Nacional de Antropolog\u00eda e Historia (INAH) que acuda al edificio y les den autorizaci\u00f3n para la reestructura del mismo. Record\u00f3 que en recientes d\u00edas y debido a los da\u00f1os estructurales del inmueble, fueron desalojados trabajadores de la Subsecretar\u00eda del Ayuntamiento y reubicados a otras \u00e1reas.A finales de marzo y derivado de da\u00f1os estructurales detectados en la presidencia municipal, dio inicio el estudio de mec\u00e1nica de suelos en el edificio, el cual es necesario para determinar las propiedades f\u00edsicas y mec\u00e1nicas del subsuelo, as\u00ed como para dise\u00f1ar cimentaciones seguras, evitando asentamientos, grietas o fallas estructurales.En ese entonces, se inform\u00f3 que estas acciones se realizan en el inmueble ubicado sobre la avenida Francisco Sarabia y calle Allende, con el objetivo de evaluar las condiciones del subsuelo y determinar las medidas necesarias para garantizar la seguridad del edificio. Lo anterior, tambi\u00e9n deriv\u00f3 en el retiro de algunos arbustos sobre la calle Allende, argumentando que la medida se tom\u00f3 durante los trabajos de reinstalaci\u00f3n de banquetas, luego de detectar que las ra\u00edces de dichas especies hab\u00edan provocado afectaciones en parte de la pared de las oficinas de Tesorer\u00eda.Ante estas condiciones, tambi\u00e9n se habl\u00f3 de la migraci\u00f3n parcial de las oficinas de la presidencia municipal hacia la Biblioteca Municipal, ubicada sobre la avenida Francisco I. Madero, donde se prev\u00e9 reubicar la sala de regidores de todas las fracciones, as\u00ed como algunas \u00e1reas administrativas.<\/p>\n\n\n\n<pre id=\"notaB2\" class=\"wp-block-preformatted\"><\/pre>\n","protected":false},"excerpt":{"rendered":"<p>28 de abril de 2026.- La alcaldesa Susy Carolina Torrecillas Salazar dijo que, una vez que se determine la viabilidad financiera, le solicitar\u00e1n a personal del Instituto Nacional de Antropolog\u00eda e Historia (INAH) que acuda al edificio y les den autorizaci\u00f3n para la reestructura del mismo. Record\u00f3 que en recientes d\u00edas y debido a los&#8230;<\/p>\n","protected":false},"author":1,"featured_media":0,"comment_status":"open","ping_status":"open","sticky":false,"template":"","format":"standard","meta":{"footnotes":""},"categories":[3],"tags":[],"class_list":["post-4708","post","type-post","status-publish","format-standard","hentry","category-lerdo"],"_links":{"self":[{"href":"https:\/\/lagumex.mx\/index\/wp-json\/wp\/v2\/posts\/4708","targetHints":{"allow":["GET"]}}],"collection":[{"href":"https:\/\/lagumex.mx\/index\/wp-json\/wp\/v2\/posts"}],"about":[{"href":"https:\/\/lagumex.mx\/index\/wp-json\/wp\/v2\/types\/post"}],"author":[{"embeddable":true,"href":"https:\/\/lagumex.mx\/index\/wp-json\/wp\/v2\/users\/1"}],"replies":[{"embeddable":true,"href":"https:\/\/lagumex.mx\/index\/wp-json\/wp\/v2\/comments?post=4708"}],"version-history":[{"count":1,"href":"https:\/\/lagumex.mx\/index\/wp-json\/wp\/v2\/posts\/4708\/revisions"}],"predecessor-version":[{"id":4709,"href":"https:\/\/lagumex.mx\/index\/wp-json\/wp\/v2\/posts\/4708\/revisions\/4709"}],"wp:attachment":[{"href":"https:\/\/lagumex.mx\/index\/wp-json\/wp\/v2\/media?parent=4708"}],"wp:term":[{"taxonomy":"category","embeddable":true,"href":"https:\/\/lagumex.mx\/index\/wp-json\/wp\/v2\/categories?post=4708"},{"taxonomy":"post_tag","embeddable":true,"href":"https:\/\/lagumex.mx\/index\/wp-json\/wp\/v2\/tags?post=4708"}],"curies":[{"name":"wp","href":"https:\/\/api.w.org\/{rel}","templated":true}]}}