{"id":4706,"date":"2026-04-30T14:49:00","date_gmt":"2026-04-30T14:49:00","guid":{"rendered":"https:\/\/lagumex.mx\/index\/?p=4706"},"modified":"2026-05-06T14:50:23","modified_gmt":"2026-05-06T14:50:23","slug":"dias-de-asueto-estaran-activas-dependencias-operativas-de-lerdo","status":"publish","type":"post","link":"https:\/\/lagumex.mx\/index\/lerdo\/dias-de-asueto-estaran-activas-dependencias-operativas-de-lerdo\/","title":{"rendered":"D\u00edas de asueto estar\u00e1n activas dependencias operativas de Lerdo"},"content":{"rendered":"\n<p>30 de abril de 2026.- <strong>El ayuntamiento de Lerdo inform\u00f3 que con motivo del megapuente, del primero y cinco de mayo, las dependencias operativas municipales permanecer\u00e1n activas.<\/strong> La alcaldesa Susy Torrecillas gir\u00f3 indicaciones a los titulares de \u00e1reas como Protecci\u00f3n Civil, Seguridad P\u00fablica, Salud Municipal, Tr\u00e1nsito y Vialidad, Servicios P\u00fablicos y Prevenci\u00f3n Social, as\u00ed como a dependencias clave como Alcoholes, DIF Municipal y Medio Ambiente, para mantener la atenci\u00f3n a la ciudadan\u00eda y dar respuesta oportuna a los reportes que se genere,  se inform\u00f3 que cada direcci\u00f3n ser\u00e1 responsable de organizar la rotaci\u00f3n de su personal, garantizando la prestaci\u00f3n de los servicios sin afectar los d\u00edas de descanso obligatorios establecidos en la Ley Federal del Trabajo.En este sentido, el Gobierno municipal exhort\u00f3 a la poblaci\u00f3n a hacer un uso responsable de las l\u00edneas de emergencia, a trav\u00e9s del 911, con el fin de no saturar los canales y permitir una atenci\u00f3n eficiente a quienes realmente lo requieran.<\/p>\n","protected":false},"excerpt":{"rendered":"<p>30 de abril de 2026.- El ayuntamiento de Lerdo inform\u00f3 que con motivo del megapuente, del primero y cinco de mayo, las dependencias operativas municipales permanecer\u00e1n activas. La alcaldesa Susy Torrecillas gir\u00f3 indicaciones a los titulares de \u00e1reas como Protecci\u00f3n Civil, Seguridad P\u00fablica, Salud Municipal, Tr\u00e1nsito y Vialidad, Servicios P\u00fablicos y Prevenci\u00f3n Social, as\u00ed como&#8230;<\/p>\n","protected":false},"author":1,"featured_media":0,"comment_status":"open","ping_status":"open","sticky":false,"template":"","format":"standard","meta":{"footnotes":""},"categories":[3],"tags":[],"class_list":["post-4706","post","type-post","status-publish","format-standard","hentry","category-lerdo"],"_links":{"self":[{"href":"https:\/\/lagumex.mx\/index\/wp-json\/wp\/v2\/posts\/4706","targetHints":{"allow":["GET"]}}],"collection":[{"href":"https:\/\/lagumex.mx\/index\/wp-json\/wp\/v2\/posts"}],"about":[{"href":"https:\/\/lagumex.mx\/index\/wp-json\/wp\/v2\/types\/post"}],"author":[{"embeddable":true,"href":"https:\/\/lagumex.mx\/index\/wp-json\/wp\/v2\/users\/1"}],"replies":[{"embeddable":true,"href":"https:\/\/lagumex.mx\/index\/wp-json\/wp\/v2\/comments?post=4706"}],"version-history":[{"count":1,"href":"https:\/\/lagumex.mx\/index\/wp-json\/wp\/v2\/posts\/4706\/revisions"}],"predecessor-version":[{"id":4707,"href":"https:\/\/lagumex.mx\/index\/wp-json\/wp\/v2\/posts\/4706\/revisions\/4707"}],"wp:attachment":[{"href":"https:\/\/lagumex.mx\/index\/wp-json\/wp\/v2\/media?parent=4706"}],"wp:term":[{"taxonomy":"category","embeddable":true,"href":"https:\/\/lagumex.mx\/index\/wp-json\/wp\/v2\/categories?post=4706"},{"taxonomy":"post_tag","embeddable":true,"href":"https:\/\/lagumex.mx\/index\/wp-json\/wp\/v2\/tags?post=4706"}],"curies":[{"name":"wp","href":"https:\/\/api.w.org\/{rel}","templated":true}]}}