{"id":4702,"date":"2026-04-08T17:11:54","date_gmt":"2026-04-08T17:11:54","guid":{"rendered":"https:\/\/lagumex.mx\/index\/?p=4702"},"modified":"2026-04-09T17:13:32","modified_gmt":"2026-04-09T17:13:32","slug":"anuncian-carrera-nuestros-heroes-2026-en-apoyo-a-ninas-y-ninos-vulnerables","status":"publish","type":"post","link":"https:\/\/lagumex.mx\/index\/lerdo\/anuncian-carrera-nuestros-heroes-2026-en-apoyo-a-ninas-y-ninos-vulnerables\/","title":{"rendered":"Anuncian Carrera Nuestros H\u00e9roes 2026 en apoyo a ni\u00f1as y ni\u00f1os vulnerables"},"content":{"rendered":"\n<p>08 de abril de 2026.- <strong>Desde el escenario del Teatro Hermila Galindo en Lerdo, autoridades estatales y municipales anunciaron la edici\u00f3n 2026 de la Carrera Nuestros H\u00e9roes, un evento que combina deporte, convivencia familiar y causa social, esto con el objetivo de beneficiar a ni\u00f1as y ni\u00f1os en situaci\u00f3n vulnerable.<\/strong> La rueda de prensa estuvo encabezada por la presidenta del DIF Estatal, Marisol Rosso Rivera, y la alcaldesa de Lerdo, Susy Torrecillas, quienes coincidieron en destacar el car\u00e1cter solidario y emocional de esta iniciativa, que se realizar\u00e1 el pr\u00f3ximo 24 de abril en el Polideportivo de Lerdo, en el marco de los festejos del D\u00eda del Ni\u00f1o. Durante su intervenci\u00f3n, Torrecillas subray\u00f3 que la llegada de esta carrera a Lerdo representa m\u00e1s que un evento recreativo. \u201cEs un regalo para nuestras ni\u00f1as y ni\u00f1os, pero tambi\u00e9n un s\u00edmbolo de esperanza despu\u00e9s de momentos dif\u00edciles que ha vivido el municipio. Por su parte, Marisol Rosso enfatiz\u00f3 que el coraz\u00f3n del proyecto no est\u00e1 en las cifras, sino en el impacto social. \u201cEn DIF no hablamos de n\u00fameros, hablamos de oportunidades. Cada inscripci\u00f3n representa una posibilidad para mejorar la vida de nuestras ni\u00f1as y ni\u00f1os\u201d, se\u00f1al\u00f3.La presidenta del DIF record\u00f3 que en la edici\u00f3n 2025 se logr\u00f3 reunir m\u00e1s de 743 mil pesos y convocar a 13 mil asistentes entre Durango capital y la regi\u00f3n Laguna. Estos recursos, explic\u00f3, fueron destinados al fortalecimiento de las Casas Hogar, incluyendo la reci\u00e9n inaugurada Casa Hogar Regi\u00f3n Laguna, que cumpli\u00f3 un a\u00f1o de operaci\u00f3n.Hoy necesitamos espacios que nos unan como comunidad\u201d, expres\u00f3. La edil resalt\u00f3 adem\u00e1s el valor del trabajo del DIF Estatal en favor de sectores vulnerables, como personas con discapacidad, madres solteras y adultos mayores.<\/p>\n","protected":false},"excerpt":{"rendered":"<p>08 de abril de 2026.- Desde el escenario del Teatro Hermila Galindo en Lerdo, autoridades estatales y municipales anunciaron la edici\u00f3n 2026 de la Carrera Nuestros H\u00e9roes, un evento que combina deporte, convivencia familiar y causa social, esto con el objetivo de beneficiar a ni\u00f1as y ni\u00f1os en situaci\u00f3n vulnerable. La rueda de prensa estuvo&#8230;<\/p>\n","protected":false},"author":1,"featured_media":4703,"comment_status":"open","ping_status":"open","sticky":false,"template":"","format":"standard","meta":{"footnotes":""},"categories":[3],"tags":[],"class_list":["post-4702","post","type-post","status-publish","format-standard","has-post-thumbnail","hentry","category-lerdo"],"_links":{"self":[{"href":"https:\/\/lagumex.mx\/index\/wp-json\/wp\/v2\/posts\/4702","targetHints":{"allow":["GET"]}}],"collection":[{"href":"https:\/\/lagumex.mx\/index\/wp-json\/wp\/v2\/posts"}],"about":[{"href":"https:\/\/lagumex.mx\/index\/wp-json\/wp\/v2\/types\/post"}],"author":[{"embeddable":true,"href":"https:\/\/lagumex.mx\/index\/wp-json\/wp\/v2\/users\/1"}],"replies":[{"embeddable":true,"href":"https:\/\/lagumex.mx\/index\/wp-json\/wp\/v2\/comments?post=4702"}],"version-history":[{"count":1,"href":"https:\/\/lagumex.mx\/index\/wp-json\/wp\/v2\/posts\/4702\/revisions"}],"predecessor-version":[{"id":4704,"href":"https:\/\/lagumex.mx\/index\/wp-json\/wp\/v2\/posts\/4702\/revisions\/4704"}],"wp:featuredmedia":[{"embeddable":true,"href":"https:\/\/lagumex.mx\/index\/wp-json\/wp\/v2\/media\/4703"}],"wp:attachment":[{"href":"https:\/\/lagumex.mx\/index\/wp-json\/wp\/v2\/media?parent=4702"}],"wp:term":[{"taxonomy":"category","embeddable":true,"href":"https:\/\/lagumex.mx\/index\/wp-json\/wp\/v2\/categories?post=4702"},{"taxonomy":"post_tag","embeddable":true,"href":"https:\/\/lagumex.mx\/index\/wp-json\/wp\/v2\/tags?post=4702"}],"curies":[{"name":"wp","href":"https:\/\/api.w.org\/{rel}","templated":true}]}}